{"id":2770,"date":"2023-12-18T16:41:27","date_gmt":"2023-12-18T19:41:27","guid":{"rendered":"https:\/\/realidadsur.com.ar\/?p=2770"},"modified":"2023-12-18T16:41:28","modified_gmt":"2023-12-18T19:41:28","slug":"de-messi-a-scaloni-como-recuerdan-este-aniversario-los-hacedores-del-campeon-en-qatar","status":"publish","type":"post","link":"https:\/\/realidadsur.com.ar\/?p=2770","title":{"rendered":"DE MESSI A SCALONI, C\u00d3MO RECUERDAN ESTE ANIVERSARIO LOS HACEDORES DEL CAMPE\u00d3N EN QATAR"},"content":{"rendered":"\n<p>El capit\u00e1n Lionel Messi y el entrenador Lionel Scaloni, m\u00e1ximos referentes del seleccionado campe\u00f3n del mundo en Qatar 2022, celebraron hoy el primer aniversario de la tercera estrella del f\u00fatbol argentino.<\/p>\n\n\n\n<p>Los protagonistas de la gesta hist\u00f3rica del 18 de diciembre de 2022 en el estadio Lusail de Doha llenaron las redes sociales de recuerdos al cumplirse el primer aniversario del t\u00edtulo.<\/p>\n\n\n\n<p>El capit\u00e1n del seleccionado argentino, Lionel Messi, defini\u00f3 el t\u00edtulo como &#8220;la locura m\u00e1s hermosa&#8221; de su carrera a la que solo le faltaba una Copa del Mundo para ser completa.<\/p>\n\n\n\n<p>Con un texto corto y una serie de im\u00e1genes in\u00e9ditas, el mejor jugador del Mundial comparti\u00f3 los &#8220;recuerdos inolvidables que quedar\u00e1n para toda la vida&#8221;.<\/p>\n\n\n\n<p>En pocas horas, el posteo del ocho veces mejor jugador del Mundo hab\u00eda superado los ocho millones de &#8220;Me gusta&#8221; y m\u00e1s de cien mil comentarios.<\/p>\n\n\n\n<p>Pese a no ser un usuario activo de las redes sociales, el director t\u00e9cnico del seleccionado nacional, Lionel Scaloni, tambi\u00e9n se sum\u00f3 a la celebraci\u00f3n.<\/p>\n\n\n\n<p>&#8220;Feliz aniversario argentinos y argentinas, no hay nada m\u00e1s lindo que ver a tu gente feliz&#8221;, expres\u00f3 el conductor de la &#8220;Scaloneta&#8221; junto a una emotiva foto de sus padres.<\/p>\n\n\n\n<p>El santafesino que se meti\u00f3 en la historia de los entrenadores campeones del mundo junto a C\u00e9sar Luis Menotti y Carlos Salvador Bilardo tambi\u00e9n le agradeci\u00f3 a su &#8220;cuerpo t\u00e9cnico, jugadores, dirigentes y a toda la delegaci\u00f3n por hacer posible que el sue\u00f1o sea realidad&#8221;. &#8220;Esta es la alegr\u00eda m\u00e1s grande de mi vida, no habr\u00e1 nada igual&#8221;, afirm\u00f3 Scaloni.<\/p>\n\n\n\n<p>\u00c1ngel Di Mar\u00eda, Nicol\u00e1s Otamendi y Rodrigo De Paul tambi\u00e9n expresaron sus sensaciones en el primer aniversario de la &#8220;mejor final de la historia&#8221;, tal como la catalog\u00f3 el presidente de la FIFA, Gianni Infantino.<\/p>\n\n\n\n<p>&#8220;Nunca olvidaremos aquel 18 de diciembre donde vibraron todos los corazones celestes y blancos&#8221;, se\u00f1al\u00f3 el &#8220;Fideo&#8221;, autor de uno de los goles m\u00e1s lindos de la historia de los Mundiales.<\/p>\n\n\n\n<p>De Paul, fiel ladero de Messi y el &#8220;motorcito&#8221; de la Selecci\u00f3n, escribi\u00f3: &#8220;Como no emocionarse viendo tantos recuerdos\u2026 Un 18 de diciembre fue el d\u00eda m\u00e1s incre\u00edble de nuestras vidas. Feliz aniversario a cada uno de ustedes y gracias por hacerme volver un ratito a ese d\u00eda que tan feliz fui&#8221;.<\/p>\n\n\n\n<p>Otamendi, l\u00edder de la defensa argentina en el Mundial, remarc\u00f3 que ser campeones mundiales ser\u00e1 &#8220;para siempre&#8221;.<\/p>\n\n\n\n<p>Uno de los integrantes de la &#8220;vieja guardia&#8221; del seleccionado admiti\u00f3 su &#8220;orgullo&#8221; por &#8220;haber sido parte&#8221; de un &#8220;hermoso grupo&#8221; que lleg\u00f3 a la gloria en Medio Oriente.<\/p>\n\n\n\n<p>El presidente de la Asociaci\u00f3n del F\u00fatbol Argentino, Claudio Tapia, fue uno de los primeros en publicar un mensaje alusivo al primer aniversario de la tercera estrella mundial para el f\u00fatbol nacional.<\/p>\n\n\n\n<p>&#8220;A un a\u00f1o de la estrella m\u00e1s so\u00f1ada. A un a\u00f1o del abrazo eterno. A un a\u00f1o de la copa que uni\u00f3 a todo el pueblo argentino. Salud, campeones del mundo&#8221;, public\u00f3 &#8220;Chiqui&#8221; exactamente a las 00:00 del 18 de diciembre.<\/p>\n\n\n\n<p>Durante el d\u00eda, cada uno de los 26 campeones del Mundo que quedaron grabados en la historia fueron sum\u00e1ndose a la conmemoraci\u00f3n por el primer aniversario.<\/p>\n\n\n\n<p>Incluso, entre los usuarios, llam\u00f3 la atenci\u00f3n la aparici\u00f3n de Alejandro &#8220;Papu&#8221; G\u00f3mez, el \u00fanico jugador que no volvi\u00f3 a vestir la camiseta del seleccionado despu\u00e9s de aquel 18 de diciembre.<br>Con un posteo sin im\u00e1genes grupales y limitado para los comentarios, el experimentado futbolista, que atraviesa una sanci\u00f3n por doping.<\/p>\n\n\n\n<p>&#8220;Te\u00f1imos cada rinc\u00f3n del mundo celeste y blanco y qued\u00f3 demostrado que cuando estamos juntos somos m\u00e1s fuertes&#8221;, remarc\u00f3 el futbolista surgido de Arsenal.<\/p>\n\n\n\n<p>La fecha no pas\u00f3 desapercibida para Francia, el otro protagonista de la final que tambi\u00e9n marc\u00f3 el fin de una \u00e9poca ya que fue la \u00faltima edici\u00f3n del formato con 32 seleccionados.<\/p>\n\n\n\n<p>La prensa francesa record\u00f3 la definici\u00f3n en el ic\u00f3nico estadio Lusail y hasta la cuenta oficial del seleccionado (@equipedefrance) public\u00f3 un carrete de fotos de la dram\u00e1tica final.<\/p>\n\n\n\n<p>El 18 de diciembre quedar\u00e1 marcado para siempre en el coraz\u00f3n de todos los argentinos, y hoy, al celebrar el primer aniversario de ese hecho hist\u00f3rico, los principales protagonistas se unen para rememorar con orgullo y emoci\u00f3n ese cap\u00edtulo inolvidable.<\/p>\n","protected":false},"excerpt":{"rendered":"<p>El capit\u00e1n Lionel Messi y el entrenador Lionel Scaloni, m\u00e1ximos referentes del seleccionado campe\u00f3n del&#8230;<\/p>\n","protected":false},"author":2,"featured_media":2771,"comment_status":"open","ping_status":"open","sticky":false,"template":"","format":"standard","meta":{"_jetpack_memberships_contains_paid_content":false,"footnotes":""},"categories":[3],"tags":[1041,1042],"class_list":["post-2770","post","type-post","status-publish","format-standard","has-post-thumbnail","hentry","category-nacion","tag-argentina-campeon","tag-qatar"],"jetpack_featured_media_url":"https:\/\/i0.wp.com\/realidadsur.com.ar\/wp-content\/uploads\/2023\/12\/Aniversario-de-Argentina-campeon-en-Qatar.jpg?fit=300%2C200&ssl=1","jetpack_sharing_enabled":true,"_links":{"self":[{"href":"https:\/\/realidadsur.com.ar\/index.php?rest_route=\/wp\/v2\/posts\/2770","targetHints":{"allow":["GET"]}}],"collection":[{"href":"https:\/\/realidadsur.com.ar\/index.php?rest_route=\/wp\/v2\/posts"}],"about":[{"href":"https:\/\/realidadsur.com.ar\/index.php?rest_route=\/wp\/v2\/types\/post"}],"author":[{"embeddable":true,"href":"https:\/\/realidadsur.com.ar\/index.php?rest_route=\/wp\/v2\/users\/2"}],"replies":[{"embeddable":true,"href":"https:\/\/realidadsur.com.ar\/index.php?rest_route=%2Fwp%2Fv2%2Fcomments&post=2770"}],"version-history":[{"count":1,"href":"https:\/\/realidadsur.com.ar\/index.php?rest_route=\/wp\/v2\/posts\/2770\/revisions"}],"predecessor-version":[{"id":2772,"href":"https:\/\/realidadsur.com.ar\/index.php?rest_route=\/wp\/v2\/posts\/2770\/revisions\/2772"}],"wp:featuredmedia":[{"embeddable":true,"href":"https:\/\/realidadsur.com.ar\/index.php?rest_route=\/wp\/v2\/media\/2771"}],"wp:attachment":[{"href":"https:\/\/realidadsur.com.ar\/index.php?rest_route=%2Fwp%2Fv2%2Fmedia&parent=2770"}],"wp:term":[{"taxonomy":"category","embeddable":true,"href":"https:\/\/realidadsur.com.ar\/index.php?rest_route=%2Fwp%2Fv2%2Fcategories&post=2770"},{"taxonomy":"post_tag","embeddable":true,"href":"https:\/\/realidadsur.com.ar\/index.php?rest_route=%2Fwp%2Fv2%2Ftags&post=2770"}],"curies":[{"name":"wp","href":"https:\/\/api.w.org\/{rel}","templated":true}]}}