{"id":2773,"date":"2023-12-18T16:44:18","date_gmt":"2023-12-18T19:44:18","guid":{"rendered":"https:\/\/realidadsur.com.ar\/?p=2773"},"modified":"2023-12-18T16:44:52","modified_gmt":"2023-12-18T19:44:52","slug":"imputan-a-un-cura-por-encubrimientos-en-la-causa-de-lucas-y-lautaro-en-varela","status":"publish","type":"post","link":"https:\/\/realidadsur.com.ar\/?p=2773","title":{"rendered":"IMPUTAN A UN CURA POR ENCUBRIMIENTO EN LA CAUSA DE LUCAS Y LAUTARO EN VARELA"},"content":{"rendered":"\n<p>Un cura que hab\u00eda sido capell\u00e1n de la Polic\u00eda bonaerense fue imputado por &#8220;encubrimiento&#8221; en el marco de la causa en la que se investiga el crimen de Lautaro Morello y desaparici\u00f3n de Lucas Escalante, quienes fueron vistos por \u00faltima vez hace un a\u00f1o en el partido de Florencio Varela, informaron hoy fuentes policiales y judiciales.<\/p>\n\n\n\n<p>Se trata del cura Fernando Papa, actualmente vicario de la iglesia Nuestra Se\u00f1ora del Huerto, quien qued\u00f3 imputado sin prisi\u00f3n preventiva a pedido del fiscal Daniel Ichazo, titular de la Unidad Funcional de Instrucci\u00f3n (UFI) 1 de Berazategui, quien tiene a su cargo la investigaci\u00f3n del caso.<\/p>\n\n\n\n<p>El fiscal Ichazo solicit\u00f3 a personal de la Divisi\u00f3n Homicidios de la Polic\u00eda Federal Argentina (PFA) que allane las oficinas y dependencias de la iglesia que conduce el cura Papa, ubicada en la calle 863 al 2600 de la nombrada localidad del partido de Quilmes.<\/p>\n\n\n\n<p>Seg\u00fan precisaron las fuentes, el cura fue notificado de la imputaci\u00f3n de encubrimiento del crimen de Morello y la desaparici\u00f3n de Escalante.<\/p>\n\n\n\n<p>Un investigador precis\u00f3 que Papa \u201cse embarr\u00f3 solo\u201d luego de declarar como testigo en la causa que tiene al comisario mayor Francisco Centuri\u00f3n, a su hijo Cristian y su sobrino Maximiliano Centuri\u00f3n como principales imputados.<\/p>\n\n\n\n<p>\u201cEn su propia declaraci\u00f3n se embarr\u00f3 solo diciendo que le prest\u00f3 su tel\u00e9fono celular (a Francisco Centuri\u00f3n) y despu\u00e9s borr\u00f3 todo\u201d, sostuvo a T\u00e9lam un pesquisa.<\/p>\n\n\n\n<p>Durante el procedimiento se incautaron dos tel\u00e9fonos celulares marca Samsung y Motorola y un veh\u00edculo marca Chevrolet, que ser\u00e1n peritados.<\/p>\n\n\n\n<p>Papa hab\u00eda sido capell\u00e1n de la Polic\u00eda de la provincia de Buenos Aires \u2013dej\u00f3 de serlo tras la amputaci\u00f3n de una pierna- y \u201cten\u00eda un v\u00ednculo muy estrecho\u201d con Centuri\u00f3n padre y toda su familia, explic\u00f3 una fuente.<\/p>\n\n\n\n<p>Si bien no fue detenido, Papa qued\u00f3 imputado del delito de encubrimiento, que prev\u00e9 una pena de prisi\u00f3n en expectativa de entre seis meses a tres a\u00f1os.<\/p>\n\n\n\n<p>El fiscal Ichazo pidi\u00f3 la elevaci\u00f3n a juicio para los dos principales acusados, y plante\u00f3 como hip\u00f3tesis que el comisario mayor Centuri\u00f3n pudo haber asesinado a una de las v\u00edctimas para lograr la impunidad de su hijo y su sobrino.<\/p>\n\n\n\n<p>Adem\u00e1s, el fiscal solicit\u00f3 que otros cinco polic\u00edas bonaerenses sean tambi\u00e9n sometidos a juicio, acusados de haber encubierto el hecho.<\/p>\n","protected":false},"excerpt":{"rendered":"<p>Un cura que hab\u00eda sido capell\u00e1n de la Polic\u00eda bonaerense fue imputado por &#8220;encubrimiento&#8221; en&#8230;<\/p>\n","protected":false},"author":2,"featured_media":2774,"comment_status":"open","ping_status":"open","sticky":false,"template":"","format":"standard","meta":{"_jetpack_memberships_contains_paid_content":false,"footnotes":""},"categories":[7],"tags":[11,1043,1044],"class_list":["post-2773","post","type-post","status-publish","format-standard","has-post-thumbnail","hentry","category-florencio-varela","tag-berazategui","tag-crimen-de-lautaro","tag-desaparicion-de-lucas"],"jetpack_featured_media_url":"https:\/\/i0.wp.com\/realidadsur.com.ar\/wp-content\/uploads\/2023\/12\/Protestas-por-el-esclarecimiento-del-casa-de-Lucas-y-Lautaro.jpg?fit=1200%2C675&ssl=1","jetpack_sharing_enabled":true,"_links":{"self":[{"href":"https:\/\/realidadsur.com.ar\/index.php?rest_route=\/wp\/v2\/posts\/2773","targetHints":{"allow":["GET"]}}],"collection":[{"href":"https:\/\/realidadsur.com.ar\/index.php?rest_route=\/wp\/v2\/posts"}],"about":[{"href":"https:\/\/realidadsur.com.ar\/index.php?rest_route=\/wp\/v2\/types\/post"}],"author":[{"embeddable":true,"href":"https:\/\/realidadsur.com.ar\/index.php?rest_route=\/wp\/v2\/users\/2"}],"replies":[{"embeddable":true,"href":"https:\/\/realidadsur.com.ar\/index.php?rest_route=%2Fwp%2Fv2%2Fcomments&post=2773"}],"version-history":[{"count":2,"href":"https:\/\/realidadsur.com.ar\/index.php?rest_route=\/wp\/v2\/posts\/2773\/revisions"}],"predecessor-version":[{"id":2776,"href":"https:\/\/realidadsur.com.ar\/index.php?rest_route=\/wp\/v2\/posts\/2773\/revisions\/2776"}],"wp:featuredmedia":[{"embeddable":true,"href":"https:\/\/realidadsur.com.ar\/index.php?rest_route=\/wp\/v2\/media\/2774"}],"wp:attachment":[{"href":"https:\/\/realidadsur.com.ar\/index.php?rest_route=%2Fwp%2Fv2%2Fmedia&parent=2773"}],"wp:term":[{"taxonomy":"category","embeddable":true,"href":"https:\/\/realidadsur.com.ar\/index.php?rest_route=%2Fwp%2Fv2%2Fcategories&post=2773"},{"taxonomy":"post_tag","embeddable":true,"href":"https:\/\/realidadsur.com.ar\/index.php?rest_route=%2Fwp%2Fv2%2Ftags&post=2773"}],"curies":[{"name":"wp","href":"https:\/\/api.w.org\/{rel}","templated":true}]}}