{"id":5299,"date":"2024-05-06T13:56:16","date_gmt":"2024-05-06T16:56:16","guid":{"rendered":"https:\/\/realidadsur.com.ar\/?p=5299"},"modified":"2024-05-06T13:56:18","modified_gmt":"2024-05-06T16:56:18","slug":"kicillof-mostro-el-estado-de-las-obras-de-construccion-de-viviendas-en-berazategui","status":"publish","type":"post","link":"https:\/\/realidadsur.com.ar\/?p=5299","title":{"rendered":"KICILLOF MOSTR\u00d3 EL ESTADO DE LAS OBRAS DE CONSTRUCCI\u00d3N DE VIVIENDAS EN BERAZATEGUI"},"content":{"rendered":"\n<p>El gobernador bonaerense, Axel Kicillof, recorri\u00f3 las obras de construcci\u00f3n de viviendas sociales en Berazategui, paralizadas por el Gobierno de Javier Milei. Se trata de casi 1.500 viviendas en la localidad de Pl\u00e1tanos, que recorri\u00f3 junto al intendente Juan Jos\u00e9 Mussi.<\/p>\n\n\n\n<p>&#8220;El complejo de 1413 viviendas en la localidad de Pl\u00e1tanos, Berazategui, es una de las tantas obras que el Gobierno nacional paraliz\u00f3&#8221;, poste\u00f3 Kicillof en sus redes sociales, y agreg\u00f3: &#8220;Nos est\u00e1n llevando a la decadencia, a la postergaci\u00f3n y a un pa\u00eds sin derechos. Pero en la provincia de Buenos Aires vamos a seguir protegiendo a los bonaerenses, cueste lo que cueste&#8221;.<\/p>\n\n\n\n<p>Por su parte, Mussi tambi\u00e9n se refiri\u00f3 al particular: &#8220;Con nuestro Gobernador, @Kicillofok, recorrimos el predio donde se estaban construyendo viviendas del Programa Procrear II, en #Pl\u00e1tanosNorte, obra que fue abandonada por el Estado Nacional y que rompi\u00f3 con los sue\u00f1os de cientos de berazateguenses que esperaban la casa propia&#8221;.<\/p>\n","protected":false},"excerpt":{"rendered":"<p>El gobernador bonaerense, Axel Kicillof, recorri\u00f3 las obras de construcci\u00f3n de viviendas sociales en Berazategui,&#8230;<\/p>\n","protected":false},"author":2,"featured_media":5301,"comment_status":"open","ping_status":"open","sticky":false,"template":"","format":"standard","meta":{"_jetpack_memberships_contains_paid_content":false,"footnotes":""},"categories":[6,3,4],"tags":[24,11,200,9,2047],"class_list":["post-5299","post","type-post","status-publish","format-standard","has-post-thumbnail","hentry","category-berazategui","category-nacion","category-provincia","tag-axel-kicillof","tag-berazategui","tag-javier-milei","tag-juan-jose-mussi","tag-viviendas-abandonadas"],"jetpack_featured_media_url":"https:\/\/i0.wp.com\/realidadsur.com.ar\/wp-content\/uploads\/2024\/05\/Kicillof-visito-una-obra-paralizada-por-Milei-en-Berazategui-scaled.jpg?fit=2560%2C1708&ssl=1","jetpack_sharing_enabled":true,"_links":{"self":[{"href":"https:\/\/realidadsur.com.ar\/index.php?rest_route=\/wp\/v2\/posts\/5299","targetHints":{"allow":["GET"]}}],"collection":[{"href":"https:\/\/realidadsur.com.ar\/index.php?rest_route=\/wp\/v2\/posts"}],"about":[{"href":"https:\/\/realidadsur.com.ar\/index.php?rest_route=\/wp\/v2\/types\/post"}],"author":[{"embeddable":true,"href":"https:\/\/realidadsur.com.ar\/index.php?rest_route=\/wp\/v2\/users\/2"}],"replies":[{"embeddable":true,"href":"https:\/\/realidadsur.com.ar\/index.php?rest_route=%2Fwp%2Fv2%2Fcomments&post=5299"}],"version-history":[{"count":1,"href":"https:\/\/realidadsur.com.ar\/index.php?rest_route=\/wp\/v2\/posts\/5299\/revisions"}],"predecessor-version":[{"id":5302,"href":"https:\/\/realidadsur.com.ar\/index.php?rest_route=\/wp\/v2\/posts\/5299\/revisions\/5302"}],"wp:featuredmedia":[{"embeddable":true,"href":"https:\/\/realidadsur.com.ar\/index.php?rest_route=\/wp\/v2\/media\/5301"}],"wp:attachment":[{"href":"https:\/\/realidadsur.com.ar\/index.php?rest_route=%2Fwp%2Fv2%2Fmedia&parent=5299"}],"wp:term":[{"taxonomy":"category","embeddable":true,"href":"https:\/\/realidadsur.com.ar\/index.php?rest_route=%2Fwp%2Fv2%2Fcategories&post=5299"},{"taxonomy":"post_tag","embeddable":true,"href":"https:\/\/realidadsur.com.ar\/index.php?rest_route=%2Fwp%2Fv2%2Ftags&post=5299"}],"curies":[{"name":"wp","href":"https:\/\/api.w.org\/{rel}","templated":true}]}}