{"id":6095,"date":"2024-07-09T10:52:07","date_gmt":"2024-07-09T13:52:07","guid":{"rendered":"https:\/\/realidadsur.com.ar\/?p=6095"},"modified":"2024-07-09T10:52:09","modified_gmt":"2024-07-09T13:52:09","slug":"el-arzobispo-de-buenos-aires-pronuncio-un-duro-mensaje-en-el-tedeum","status":"publish","type":"post","link":"https:\/\/realidadsur.com.ar\/?p=6095","title":{"rendered":"EL ARZOBISPO DE BUENOS AIRES PRONUNCI\u00d3 UN DURO MENSAJE EN EL TED\u00c9UM"},"content":{"rendered":"\n<p>El presidente de la Naci\u00f3n, Javier Milei, particip\u00f3 del Ted\u00e9um que se realiza todos los a\u00f1os por el 9 de Julio, en la Catedral Metropolitana de Buenos Aires, junto a la vicepresidenta Victoria Villarruel, el jefe de Gobierno de la Ciudad, Jorge Macri, y la vicejefa porte\u00f1a, Clara Muzzio.<\/p>\n\n\n\n<p>De los ministros que conforman el gabinete nacional estuvieron presentes: Mario Russo (Salud), Diana Mondino (Relaciones Exteriores), Luis Petri (Defensa), Patricia Bullrich (Seguridad), Federico Sturzenegger (Desregulaci\u00f3n del Estado) y Mariano C\u00faneo Libarona (Justicia).<\/p>\n\n\n\n<p>Quien llev\u00f3 adelante el Ted\u00e9um fue el arzobispo Jorge Ignacio Garc\u00eda Cuerva, que comenz\u00f3 su discurso haciendo referencia a los \u201chermanos paralizados hace a\u00f1os en su esperanza\u201d y los que est\u00e1n \u201catravesados por el hambre la soledad\u201d.<\/p>\n\n\n\n<p>\u201cUna justicia largamente esperada tantos argentinos tendidos, sobre una manta en el fr\u00edo de las veredas de las grandes ciudades del pa\u00eds, postrados a consecuencia de la falta de solidaridad y el ego\u00edsmo. En definitiva, tenemos una Argentina que nos duele hace mucho, que se dice independiente hace 208 a\u00f1os pero que a\u00fan hoy sufre las cadenas de diversas esclavitudes, que no nos dejan caminar como pueblo hacia un desarrollo pleno y una mejor calidad de vida para todos\u201d, sostuvo.<\/p>\n\n\n\n<p>Asimismo, se refiri\u00f3 al \u201cgran objetivo\u201d que debemos tener como sociedad que debe abogar a que \u201cArgentina se cure&#8221;, \u201cque se ponga de pie\u201d y que \u201cse independice de las camillas que la tienen postrada, paralizada y enferma\u201d; adem\u00e1s, haciendo alusi\u00f3n al Papa Francisco, se\u00f1al\u00f3 que \u201cno hay tiempo para la indiferencia\u201d y que nadie se puede \u201clavar las manos\u201d ante la situaci\u00f3n social que estamos viviendo como pa\u00eds.<\/p>\n\n\n\n<p>\u201cO somos hermanos o se viene todo abajo. Por eso invito a todos los aqu\u00ed presentes y tambi\u00e9n a quienes nos siguen por los medios de comunicaci\u00f3n y por las redes sociales a rezar juntos\u201d, concluy\u00f3.<\/p>\n\n\n\n<p>La segunda actividad de la jornada ser\u00e1 el desfile militar que iniciar\u00e1 en el cruce de la Avenida del Libertador y Ag\u00fcero, en la zona del Museo de Bellas Artes, y se extender\u00e1 por toda la avenida hasta Olleros, en las inmediaciones de la estaci\u00f3n de trenes Lisandro de la Torre.<\/p>\n\n\n\n<p>El evento tendr\u00e1 unas dos horas de duraci\u00f3n y van a desfilar veteranos, las fuerzas armadas y de seguridad.<\/p>\n","protected":false},"excerpt":{"rendered":"<p>El presidente de la Naci\u00f3n, Javier Milei, particip\u00f3 del Ted\u00e9um que se realiza todos los&#8230;<\/p>\n","protected":false},"author":2,"featured_media":6096,"comment_status":"open","ping_status":"open","sticky":false,"template":"","format":"standard","meta":{"_jetpack_memberships_contains_paid_content":false,"footnotes":""},"categories":[3],"tags":[2288,200,2299],"class_list":["post-6095","post","type-post","status-publish","format-standard","has-post-thumbnail","hentry","category-nacion","tag-9-de-julio","tag-javier-milei","tag-tedeum"],"jetpack_featured_media_url":"https:\/\/i0.wp.com\/realidadsur.com.ar\/wp-content\/uploads\/2024\/07\/Milei-recibio-un-duro-mensaje-de-la-Iglesia-catolica.webp?fit=1400%2C820&ssl=1","jetpack_sharing_enabled":true,"_links":{"self":[{"href":"https:\/\/realidadsur.com.ar\/index.php?rest_route=\/wp\/v2\/posts\/6095","targetHints":{"allow":["GET"]}}],"collection":[{"href":"https:\/\/realidadsur.com.ar\/index.php?rest_route=\/wp\/v2\/posts"}],"about":[{"href":"https:\/\/realidadsur.com.ar\/index.php?rest_route=\/wp\/v2\/types\/post"}],"author":[{"embeddable":true,"href":"https:\/\/realidadsur.com.ar\/index.php?rest_route=\/wp\/v2\/users\/2"}],"replies":[{"embeddable":true,"href":"https:\/\/realidadsur.com.ar\/index.php?rest_route=%2Fwp%2Fv2%2Fcomments&post=6095"}],"version-history":[{"count":1,"href":"https:\/\/realidadsur.com.ar\/index.php?rest_route=\/wp\/v2\/posts\/6095\/revisions"}],"predecessor-version":[{"id":6097,"href":"https:\/\/realidadsur.com.ar\/index.php?rest_route=\/wp\/v2\/posts\/6095\/revisions\/6097"}],"wp:featuredmedia":[{"embeddable":true,"href":"https:\/\/realidadsur.com.ar\/index.php?rest_route=\/wp\/v2\/media\/6096"}],"wp:attachment":[{"href":"https:\/\/realidadsur.com.ar\/index.php?rest_route=%2Fwp%2Fv2%2Fmedia&parent=6095"}],"wp:term":[{"taxonomy":"category","embeddable":true,"href":"https:\/\/realidadsur.com.ar\/index.php?rest_route=%2Fwp%2Fv2%2Fcategories&post=6095"},{"taxonomy":"post_tag","embeddable":true,"href":"https:\/\/realidadsur.com.ar\/index.php?rest_route=%2Fwp%2Fv2%2Ftags&post=6095"}],"curies":[{"name":"wp","href":"https:\/\/api.w.org\/{rel}","templated":true}]}}