{"id":7616,"date":"2024-10-01T13:48:39","date_gmt":"2024-10-01T16:48:39","guid":{"rendered":"https:\/\/realidadsur.com.ar\/?p=7616"},"modified":"2024-10-01T13:48:41","modified_gmt":"2024-10-01T16:48:41","slug":"mussi-inauguro-obras-de-pavimento-en-la-calle-38","status":"publish","type":"post","link":"https:\/\/realidadsur.com.ar\/?p=7616","title":{"rendered":"MUSSI INAUGUR\u00d3 OBRAS DE PAVIMENTO EN LA CALLE 38"},"content":{"rendered":"\n<p>El intendente de Berazategui, Juan Jos\u00e9 Mussi, inaugur\u00f3 un pavimento en el barrio Santa Rosa, en calle 38 entre avenida Ranelagh y 151.<\/p>\n\n\n\n<p>Las . Permitir\u00e1 mejorar la calidad de vida de los ciudadanos y la accesibilidad, as\u00ed como favorecer la circulaci\u00f3n peatonal y vehicular del barrio.<\/p>\n\n\n\n<p>Durante el acto inaugural de estas nuevas cuadras de asfalto realizadas \u00edntegramente con inversi\u00f3n de la Municipalidad, Mussi destac\u00f3: \u201cHicimos esta obra con gusto, porque queremos que el barrio siga creciendo, que se unan los vecinos. Ahora la situaci\u00f3n es dif\u00edcil, pero siempre vamos a estar junto a ustedes. Hay crisis, pero tenemos que estar todos unidos. Para m\u00ed esto es una alegr\u00eda; soy vecino, nacido aqu\u00ed cerca, andaba por estos barrios atendiendo pacientes. Ya son m\u00e1s de 20 los barrios de Berazategui que no tienen calles de tierra. Les pido que nos sigan acompa\u00f1ando, que no aflojen. Les agradezco infinitamente y les dejo el mejor de los abrazos\u201d.<\/p>\n\n\n\n<p>Por su parte, Rita Rodrigo, presidenta de la Sociedad de Fomento Santa Rosa, expres\u00f3: \u201cAgradezco al intendente Mussi por estar siempre cerca del vecino, por esta calle pavimentada y financiada por la Municipalidad, por estar siempre presente cuando la gente tiene alguna necesidad. Tambi\u00e9n agradecemos las obras realizadas en el techo de la Sociedad de Fomento, estamos muy felices\u201d.<\/p>\n\n\n\n<p>Tras el acto inaugural, el Intendente recorri\u00f3 las obras de mejora realizadas en la Sociedad de Fomento Santa Rosa. Estuvieron presentes, adem\u00e1s, integrantes del Gabinete municipal; concejales y representantes de instituciones del barrio.<\/p>\n","protected":false},"excerpt":{"rendered":"<p>El intendente de Berazategui, Juan Jos\u00e9 Mussi, inaugur\u00f3 un pavimento en el barrio Santa Rosa,&#8230;<\/p>\n","protected":false},"author":2,"featured_media":7617,"comment_status":"open","ping_status":"open","sticky":false,"template":"","format":"standard","meta":{"_jetpack_memberships_contains_paid_content":false,"footnotes":""},"categories":[6],"tags":[11,9],"class_list":["post-7616","post","type-post","status-publish","format-standard","has-post-thumbnail","hentry","category-berazategui","tag-berazategui","tag-juan-jose-mussi"],"jetpack_featured_media_url":"https:\/\/i0.wp.com\/realidadsur.com.ar\/wp-content\/uploads\/2024\/10\/MUSSI-INAUGURO-OBRAS-DE-PAVIMENTO-EN-LA-CALLE-38-1.jpg?fit=1920%2C1280&ssl=1","jetpack_sharing_enabled":true,"_links":{"self":[{"href":"https:\/\/realidadsur.com.ar\/index.php?rest_route=\/wp\/v2\/posts\/7616","targetHints":{"allow":["GET"]}}],"collection":[{"href":"https:\/\/realidadsur.com.ar\/index.php?rest_route=\/wp\/v2\/posts"}],"about":[{"href":"https:\/\/realidadsur.com.ar\/index.php?rest_route=\/wp\/v2\/types\/post"}],"author":[{"embeddable":true,"href":"https:\/\/realidadsur.com.ar\/index.php?rest_route=\/wp\/v2\/users\/2"}],"replies":[{"embeddable":true,"href":"https:\/\/realidadsur.com.ar\/index.php?rest_route=%2Fwp%2Fv2%2Fcomments&post=7616"}],"version-history":[{"count":1,"href":"https:\/\/realidadsur.com.ar\/index.php?rest_route=\/wp\/v2\/posts\/7616\/revisions"}],"predecessor-version":[{"id":7618,"href":"https:\/\/realidadsur.com.ar\/index.php?rest_route=\/wp\/v2\/posts\/7616\/revisions\/7618"}],"wp:featuredmedia":[{"embeddable":true,"href":"https:\/\/realidadsur.com.ar\/index.php?rest_route=\/wp\/v2\/media\/7617"}],"wp:attachment":[{"href":"https:\/\/realidadsur.com.ar\/index.php?rest_route=%2Fwp%2Fv2%2Fmedia&parent=7616"}],"wp:term":[{"taxonomy":"category","embeddable":true,"href":"https:\/\/realidadsur.com.ar\/index.php?rest_route=%2Fwp%2Fv2%2Fcategories&post=7616"},{"taxonomy":"post_tag","embeddable":true,"href":"https:\/\/realidadsur.com.ar\/index.php?rest_route=%2Fwp%2Fv2%2Ftags&post=7616"}],"curies":[{"name":"wp","href":"https:\/\/api.w.org\/{rel}","templated":true}]}}