{"id":7732,"date":"2024-10-09T19:34:47","date_gmt":"2024-10-09T22:34:47","guid":{"rendered":"https:\/\/realidadsur.com.ar\/?p=7732"},"modified":"2024-10-09T19:34:49","modified_gmt":"2024-10-09T22:34:49","slug":"lanzan-para-manana-un-paro-universitario-total","status":"publish","type":"post","link":"https:\/\/realidadsur.com.ar\/?p=7732","title":{"rendered":"LANZAN PARA MA\u00d1ANA UN PARO UNIVERSITARIO TOTAL"},"content":{"rendered":"\n<p>El Frente Sindical de Universidades Nacionales repudi\u00f3 hoy a los diputados que votaron a favor del veto presidencial a la Ley de Financiamiento de las casas de altos estudios y lanzaron un &#8220;paro total&#8221; para ma\u00f1ana.<\/p>\n\n\n\n<p>&#8220;Repudiamos a las y los diputados que votaron en contra del mandato popular de defender la universidad&#8221;, expresaron desde el frente que agrupa a los sindicatos docentes de las facultades p\u00fablicas en un comunicado.<\/p>\n\n\n\n<p>El frente gremial convoc\u00f3 a &#8220;un paro total el d\u00eda jueves 10&#8221; y a &#8220;consolidar el plan de lucha en defensa del salario y el presupuesto universitario&#8221;.<\/p>\n\n\n\n<p>&#8220;La voluntad popular ha sido defraudada y la democracia ha cedido al manejo antirrepublicano de gobernar por decreto del Gobierno nacional&#8221;, enfatiz\u00f3 el sector.<\/p>\n\n\n\n<p>El documento lleva la firma de Federaci\u00f3n Nacional de Docentes Universitarios (CONADU), Federaci\u00f3n Nacional de Docentes Universitarios (FEDUN), CERA, Asociaci\u00f3n Gremial de Docentes de la UTN (FAGDUT) y Uni\u00f3n Docentes Argentinos (UDA).<\/p>\n","protected":false},"excerpt":{"rendered":"<p>El Frente Sindical de Universidades Nacionales repudi\u00f3 hoy a los diputados que votaron a favor&#8230;<\/p>\n","protected":false},"author":2,"featured_media":7733,"comment_status":"open","ping_status":"open","sticky":false,"template":"","format":"standard","meta":{"_jetpack_memberships_contains_paid_content":false,"footnotes":""},"categories":[3],"tags":[2834],"class_list":["post-7732","post","type-post","status-publish","format-standard","has-post-thumbnail","hentry","category-nacion","tag-paro-universitario"],"jetpack_featured_media_url":"https:\/\/i0.wp.com\/realidadsur.com.ar\/wp-content\/uploads\/2024\/10\/Paro-total-universitario.webp?fit=1179%2C720&ssl=1","jetpack_sharing_enabled":true,"_links":{"self":[{"href":"https:\/\/realidadsur.com.ar\/index.php?rest_route=\/wp\/v2\/posts\/7732","targetHints":{"allow":["GET"]}}],"collection":[{"href":"https:\/\/realidadsur.com.ar\/index.php?rest_route=\/wp\/v2\/posts"}],"about":[{"href":"https:\/\/realidadsur.com.ar\/index.php?rest_route=\/wp\/v2\/types\/post"}],"author":[{"embeddable":true,"href":"https:\/\/realidadsur.com.ar\/index.php?rest_route=\/wp\/v2\/users\/2"}],"replies":[{"embeddable":true,"href":"https:\/\/realidadsur.com.ar\/index.php?rest_route=%2Fwp%2Fv2%2Fcomments&post=7732"}],"version-history":[{"count":1,"href":"https:\/\/realidadsur.com.ar\/index.php?rest_route=\/wp\/v2\/posts\/7732\/revisions"}],"predecessor-version":[{"id":7734,"href":"https:\/\/realidadsur.com.ar\/index.php?rest_route=\/wp\/v2\/posts\/7732\/revisions\/7734"}],"wp:featuredmedia":[{"embeddable":true,"href":"https:\/\/realidadsur.com.ar\/index.php?rest_route=\/wp\/v2\/media\/7733"}],"wp:attachment":[{"href":"https:\/\/realidadsur.com.ar\/index.php?rest_route=%2Fwp%2Fv2%2Fmedia&parent=7732"}],"wp:term":[{"taxonomy":"category","embeddable":true,"href":"https:\/\/realidadsur.com.ar\/index.php?rest_route=%2Fwp%2Fv2%2Fcategories&post=7732"},{"taxonomy":"post_tag","embeddable":true,"href":"https:\/\/realidadsur.com.ar\/index.php?rest_route=%2Fwp%2Fv2%2Ftags&post=7732"}],"curies":[{"name":"wp","href":"https:\/\/api.w.org\/{rel}","templated":true}]}}