{"id":9080,"date":"2025-01-04T16:28:27","date_gmt":"2025-01-04T19:28:27","guid":{"rendered":"https:\/\/realidadsur.com.ar\/?p=9080"},"modified":"2025-01-04T16:28:29","modified_gmt":"2025-01-04T19:28:29","slug":"berazategui-finalizaron-las-obras-en-la-plaza-del-barrio-luz-y-fuerza","status":"publish","type":"post","link":"https:\/\/realidadsur.com.ar\/?p=9080","title":{"rendered":"BERAZATEGUI: FINALIZARON LAS OBRAS EN LA PLAZA DEL BARRIO LUZ Y FUERZA"},"content":{"rendered":"\n<p>El s\u00e1bado 21 de diciembre se inauguraron las obras llevadas a cabo en la plaza del barrio Luz y Fuerza, que ahora se llama \u201cMagdalena C\u00f3rdoba de Moya\u201d en homenaje a una vecina hist\u00f3rica de la zona. El intendente de Berazategui, Juan Jos\u00e9 Mussi, encabez\u00f3 el acto.<\/p>\n\n\n\n<p>\u201cDesde la gesti\u00f3n caminamos los barrios, buscamos personas reconocidas por la sociedad, h\u00e9roes an\u00f3nimos\u201d, indic\u00f3 el Intendente. Y continu\u00f3: \u201cMagdalena vivi\u00f3 sus a\u00f1os haciendo cosas por los dem\u00e1s y lo demostr\u00f3 en su grandeza de ser humano. Fue una compa\u00f1era de una trayectoria impecable, una persona excepcional. Hoy, en esta plaza hecha por trabajadores municipales, realizamos uno de los homenajes m\u00e1s justos\u201d.<\/p>\n\n\n\n<p>Tambi\u00e9n, Mussi afirm\u00f3: \u201cQuisiera que los j\u00f3venes que pasen por este barrio y que no la conocen, pregunten qui\u00e9n fue Magdalena C\u00f3rdoba de Moya. Ella vino del interior de la provincia de Buenos Aires, con una sencillez que era para imitar. Yo creo que desde alg\u00fan lugar nos est\u00e1 mirando y diciendo \u00b4\u00a1Qu\u00e9 bueno esto para toda la familia!\u00b4. Porque estos son lugares de encuentro, para tomar mate, disfrutar con los chicos y, fundamentalmente, para recordar a las personas que hicieron cosas por los dem\u00e1s. Cu\u00e1nto necesita la Argentina personas como ella. Much\u00edsimas gracias, compa\u00f1era, por lo que hizo por la familia y por la gente\u201d.<\/p>\n\n\n\n<p>En tanto, la nieta de la homenajeada, Elizabeth Moya, se\u00f1al\u00f3: \u201cGracias por compartir semejante honor para mi abuela. Agradezco al Intendente por reconocer su trabajo y camino en la pol\u00edtica; y por haber sido una excelente madre, abuela, bisabuela y tatarabuela, una luchadora incansable que hizo muchas cosas por Berazategui y por el Peronismo. Espero que disfruten de la plaza\u201d.<\/p>\n\n\n\n<p>La puesta en valor del espacio incluy\u00f3 la instalaci\u00f3n de luces led, nuevos juegos, aparatos aer\u00f3bicos, senda perimetral, bancos y mesas, adem\u00e1s de la realizaci\u00f3n de trabajos de pintura.<\/p>\n","protected":false},"excerpt":{"rendered":"<p>El s\u00e1bado 21 de diciembre se inauguraron las obras llevadas a cabo en la plaza&#8230;<\/p>\n","protected":false},"author":2,"featured_media":9081,"comment_status":"open","ping_status":"open","sticky":false,"template":"","format":"standard","meta":{"_jetpack_memberships_contains_paid_content":false,"footnotes":""},"categories":[6],"tags":[11,9],"class_list":["post-9080","post","type-post","status-publish","format-standard","has-post-thumbnail","hentry","category-berazategui","tag-berazategui","tag-juan-jose-mussi"],"jetpack_featured_media_url":"https:\/\/i0.wp.com\/realidadsur.com.ar\/wp-content\/uploads\/2025\/01\/INAUGURARON-LAS-OBRAS-REALIZADAS-EN-LA-PLAZA-DEL-BARRIO-LUZ-Y-FUERZA-2.jpg?fit=1920%2C1280&ssl=1","jetpack_sharing_enabled":true,"_links":{"self":[{"href":"https:\/\/realidadsur.com.ar\/index.php?rest_route=\/wp\/v2\/posts\/9080","targetHints":{"allow":["GET"]}}],"collection":[{"href":"https:\/\/realidadsur.com.ar\/index.php?rest_route=\/wp\/v2\/posts"}],"about":[{"href":"https:\/\/realidadsur.com.ar\/index.php?rest_route=\/wp\/v2\/types\/post"}],"author":[{"embeddable":true,"href":"https:\/\/realidadsur.com.ar\/index.php?rest_route=\/wp\/v2\/users\/2"}],"replies":[{"embeddable":true,"href":"https:\/\/realidadsur.com.ar\/index.php?rest_route=%2Fwp%2Fv2%2Fcomments&post=9080"}],"version-history":[{"count":1,"href":"https:\/\/realidadsur.com.ar\/index.php?rest_route=\/wp\/v2\/posts\/9080\/revisions"}],"predecessor-version":[{"id":9082,"href":"https:\/\/realidadsur.com.ar\/index.php?rest_route=\/wp\/v2\/posts\/9080\/revisions\/9082"}],"wp:featuredmedia":[{"embeddable":true,"href":"https:\/\/realidadsur.com.ar\/index.php?rest_route=\/wp\/v2\/media\/9081"}],"wp:attachment":[{"href":"https:\/\/realidadsur.com.ar\/index.php?rest_route=%2Fwp%2Fv2%2Fmedia&parent=9080"}],"wp:term":[{"taxonomy":"category","embeddable":true,"href":"https:\/\/realidadsur.com.ar\/index.php?rest_route=%2Fwp%2Fv2%2Fcategories&post=9080"},{"taxonomy":"post_tag","embeddable":true,"href":"https:\/\/realidadsur.com.ar\/index.php?rest_route=%2Fwp%2Fv2%2Ftags&post=9080"}],"curies":[{"name":"wp","href":"https:\/\/api.w.org\/{rel}","templated":true}]}}