{"id":9567,"date":"2025-02-01T14:06:00","date_gmt":"2025-02-01T17:06:00","guid":{"rendered":"https:\/\/realidadsur.com.ar\/?p=9567"},"modified":"2025-02-01T14:06:02","modified_gmt":"2025-02-01T17:06:02","slug":"esta-en-grave-estado-el-policia-con-una-herida-de-bala-en-la-cabeza","status":"publish","type":"post","link":"https:\/\/realidadsur.com.ar\/?p=9567","title":{"rendered":"EST\u00c1 EN GRAVE ESTADO EL POLIC\u00cdA CON UNA HERIDA DE BALA EN LA CABEZA"},"content":{"rendered":"\n<p>Un oficial de la polic\u00eda de la provincia de Buenos Aires fue trasladado de urgencia con una herida de bala en la cabeza.<\/p>\n\n\n\n<p>A pesar de las primera informaciones que circularon en medios nacionales, las circunstancias del hecho est\u00e1n siendo analizadas por la polic\u00eda cient\u00edfica, ya que por un lado algunos vecinos hablan de un enfrentamiento, pero por el otro se afirma que el efectivo habr\u00eda intentado quitarse la vida.<\/p>\n\n\n\n<p>Todo sucedi\u00f3 en la calle155, entre 37A y 38, cuando V\u00edctor Maidana, el efectivo policial, fue trasladado de urgencia al hospital Evita Pueblo al ser hallado con la grave herida por trabajadores de Edesur que realizaban tareas en la misma cuadra.<\/p>\n","protected":false},"excerpt":{"rendered":"<p>Un oficial de la polic\u00eda de la provincia de Buenos Aires fue trasladado de urgencia&#8230;<\/p>\n","protected":false},"author":2,"featured_media":9568,"comment_status":"open","ping_status":"open","sticky":false,"template":"","format":"standard","meta":{"_jetpack_memberships_contains_paid_content":false,"footnotes":""},"categories":[6],"tags":[11],"class_list":["post-9567","post","type-post","status-publish","format-standard","has-post-thumbnail","hentry","category-berazategui","tag-berazategui"],"jetpack_featured_media_url":"https:\/\/i0.wp.com\/realidadsur.com.ar\/wp-content\/uploads\/2025\/02\/image.png?fit=766%2C524&ssl=1","jetpack_sharing_enabled":true,"_links":{"self":[{"href":"https:\/\/realidadsur.com.ar\/index.php?rest_route=\/wp\/v2\/posts\/9567","targetHints":{"allow":["GET"]}}],"collection":[{"href":"https:\/\/realidadsur.com.ar\/index.php?rest_route=\/wp\/v2\/posts"}],"about":[{"href":"https:\/\/realidadsur.com.ar\/index.php?rest_route=\/wp\/v2\/types\/post"}],"author":[{"embeddable":true,"href":"https:\/\/realidadsur.com.ar\/index.php?rest_route=\/wp\/v2\/users\/2"}],"replies":[{"embeddable":true,"href":"https:\/\/realidadsur.com.ar\/index.php?rest_route=%2Fwp%2Fv2%2Fcomments&post=9567"}],"version-history":[{"count":1,"href":"https:\/\/realidadsur.com.ar\/index.php?rest_route=\/wp\/v2\/posts\/9567\/revisions"}],"predecessor-version":[{"id":9569,"href":"https:\/\/realidadsur.com.ar\/index.php?rest_route=\/wp\/v2\/posts\/9567\/revisions\/9569"}],"wp:featuredmedia":[{"embeddable":true,"href":"https:\/\/realidadsur.com.ar\/index.php?rest_route=\/wp\/v2\/media\/9568"}],"wp:attachment":[{"href":"https:\/\/realidadsur.com.ar\/index.php?rest_route=%2Fwp%2Fv2%2Fmedia&parent=9567"}],"wp:term":[{"taxonomy":"category","embeddable":true,"href":"https:\/\/realidadsur.com.ar\/index.php?rest_route=%2Fwp%2Fv2%2Fcategories&post=9567"},{"taxonomy":"post_tag","embeddable":true,"href":"https:\/\/realidadsur.com.ar\/index.php?rest_route=%2Fwp%2Fv2%2Ftags&post=9567"}],"curies":[{"name":"wp","href":"https:\/\/api.w.org\/{rel}","templated":true}]}}