{"id":9571,"date":"2025-02-02T12:08:00","date_gmt":"2025-02-02T15:08:00","guid":{"rendered":"https:\/\/realidadsur.com.ar\/?p=9571"},"modified":"2025-02-02T12:08:01","modified_gmt":"2025-02-02T15:08:01","slug":"investigan-la-muerte-de-los-dos-adolescentes-de-florencio-varela","status":"publish","type":"post","link":"https:\/\/realidadsur.com.ar\/?p=9571","title":{"rendered":"INVESTIGAN LA MUERTE DE LOS DOS ADOLESCENTES DE FLORENCIO VARELA"},"content":{"rendered":"\n<p>El crimen de Paloma y Josu\u00e9 tiene abocado a los investigadores en un trabajo a destajo para saber cuales fueron las circunstancias anteriores al tr\u00e1gico desenlace de la pareja de adolescentes.<\/p>\n\n\n\n<p>Por lo pronto, se sabe que Paloma Gallardo (16 a\u00f1os de edad) y Josu\u00e9 Salvatierra eran amigos del mismo establecimiento educativo de Bosques, la Escuela Secundaria 63.<\/p>\n\n\n\n<p>Desde all\u00ed hab\u00edan construido una fuerte relaci\u00f3n de amistad, que trascendi\u00f3 el \u00e1mbito educativo.<\/p>\n\n\n\n<p>Compart\u00edan momentos en los espacios p\u00fablicos varelenses y concurr\u00edan al mismo gimnasio.<\/p>\n\n\n\n<p>Por eso no llam\u00f3 la atenci\u00f3n cuando avisaron que iban a realizar actividad f\u00edsica al gimnasio la tarde del jueves.<\/p>\n\n\n\n<p>M\u00e1s tarde se supo que algo no andaba bien cuando el pap\u00e1 de Jou\u00e9 se acerc\u00f3 a la casa de Paloma para preguntar por sdu hijo, ya que se hab\u00eda enterado que los chicos nunca llegaron al gimnasio, nio tampoco el chico hab\u00eda vuelto a su casa.<\/p>\n\n\n\n<p>Fue en ese momento que se comunicaron a la emergencia policial y comenzaron con una fren\u00e9tica b\u00fasqueda.<\/p>\n\n\n\n<p>Solo obtuvieron el dato que se\u00f1alaron otros j\u00f3venes que los ahb\u00edan visto subir a un auto en la plaza.<\/p>\n\n\n\n<p>Pasaron los d\u00edas, hasta que en ayer se descubri\u00f3 que los cuerpos de Paloma y Josu\u00e9 fueron hallados sin vida en un descampado, entre las v\u00edas del ferrocarril y la f\u00e1brica de bater\u00edas Champion, debajo del puente Bosques. En el lugar no existen las c\u00e1maras de seguridad, por lo que se espera encontrar alg\u00fan testigo y se recolectan pruebas en la zona.<\/p>\n\n\n\n<p>La investigaci\u00f3n judicial est\u00e1 a cargo de la UFI N\u00ba 5 del Fiscal Hern\u00e1n Bustos Rivas.<\/p>\n","protected":false},"excerpt":{"rendered":"<p>El crimen de Paloma y Josu\u00e9 tiene abocado a los investigadores en un trabajo a&#8230;<\/p>\n","protected":false},"author":2,"featured_media":9573,"comment_status":"open","ping_status":"open","sticky":false,"template":"","format":"standard","meta":{"_jetpack_memberships_contains_paid_content":false,"footnotes":""},"categories":[7],"tags":[],"class_list":["post-9571","post","type-post","status-publish","format-standard","has-post-thumbnail","hentry","category-florencio-varela"],"jetpack_featured_media_url":"https:\/\/i0.wp.com\/realidadsur.com.ar\/wp-content\/uploads\/2025\/02\/Los-adolescentes-eran-companeros-de-estudios-1.png?fit=472%2C439&ssl=1","jetpack_sharing_enabled":true,"_links":{"self":[{"href":"https:\/\/realidadsur.com.ar\/index.php?rest_route=\/wp\/v2\/posts\/9571","targetHints":{"allow":["GET"]}}],"collection":[{"href":"https:\/\/realidadsur.com.ar\/index.php?rest_route=\/wp\/v2\/posts"}],"about":[{"href":"https:\/\/realidadsur.com.ar\/index.php?rest_route=\/wp\/v2\/types\/post"}],"author":[{"embeddable":true,"href":"https:\/\/realidadsur.com.ar\/index.php?rest_route=\/wp\/v2\/users\/2"}],"replies":[{"embeddable":true,"href":"https:\/\/realidadsur.com.ar\/index.php?rest_route=%2Fwp%2Fv2%2Fcomments&post=9571"}],"version-history":[{"count":1,"href":"https:\/\/realidadsur.com.ar\/index.php?rest_route=\/wp\/v2\/posts\/9571\/revisions"}],"predecessor-version":[{"id":9574,"href":"https:\/\/realidadsur.com.ar\/index.php?rest_route=\/wp\/v2\/posts\/9571\/revisions\/9574"}],"wp:featuredmedia":[{"embeddable":true,"href":"https:\/\/realidadsur.com.ar\/index.php?rest_route=\/wp\/v2\/media\/9573"}],"wp:attachment":[{"href":"https:\/\/realidadsur.com.ar\/index.php?rest_route=%2Fwp%2Fv2%2Fmedia&parent=9571"}],"wp:term":[{"taxonomy":"category","embeddable":true,"href":"https:\/\/realidadsur.com.ar\/index.php?rest_route=%2Fwp%2Fv2%2Fcategories&post=9571"},{"taxonomy":"post_tag","embeddable":true,"href":"https:\/\/realidadsur.com.ar\/index.php?rest_route=%2Fwp%2Fv2%2Ftags&post=9571"}],"curies":[{"name":"wp","href":"https:\/\/api.w.org\/{rel}","templated":true}]}}