{"id":9575,"date":"2025-02-02T12:26:00","date_gmt":"2025-02-02T15:26:00","guid":{"rendered":"https:\/\/realidadsur.com.ar\/?p=9575"},"modified":"2025-02-02T12:26:01","modified_gmt":"2025-02-02T15:26:01","slug":"gran-parte-de-la-provincia-esta-bajo-alerta-meteorologica","status":"publish","type":"post","link":"https:\/\/realidadsur.com.ar\/?p=9575","title":{"rendered":"GRAN PARTE DE LA PROVINCIA EST\u00c1 BAJO ALERTA METEOROL\u00d3GICA"},"content":{"rendered":"\n<p>Seg\u00fan advierte el Servicio Meteorol\u00f3gico Nacional (SMN), hay nivel amarilla de alerta por temperaturas extremas (calor) para Berazategui, Florencio Varela, Quilmes, Lan\u00fas, Lomas de Zamora, Avellaneda, Presidente Per\u00f3n, San Vicente, Esteban Echeverr\u00eda, Ezeiza, La Matanza, Merlo, Brown, La Madrid, Laprida, Olavarr\u00eda, Azul, Rauch, Tapalqu\u00e9, zona baja de Benito Ju\u00e1rez, zona baja de Tandil, General Alvear, General Belgrano, General Paz, Las Flores, Lobos, Monte, Navarro, Roque P\u00e9rez, Saladillo, Brandsen, Ca\u00f1uelas, y oeste de Magdalena.<\/p>\n\n\n\n<p>En tanto, hay nivel naranja de alerta por temperaturas extremas (calor) para el norte de Bah\u00eda Blanca, oeste de Patagones, oeste de Villarino, Puan, zona baja de Coronel Pringles, zona baja de Coronel Su\u00e1rez, zona baja de Saavedra y zona baja de Tornquist, y Ameghino, Villegas y Rivadavia en el norte.<\/p>\n\n\n\n<p>En cuanto a las tormentas, hay alerta amarilla vigente para esta tarde en el norte y costa de Bah\u00eda Blanca, oeste de Patagones, oeste y costa de Villarino, Puan, zona baja de Coronel Pringles, zona baja de Coronel Su\u00e1rez, zona baja de Saavedra y zona baja de Tornquist, costa y norte de Coronel Dorrego, costa de Coronel Rosales, Monte Hermoso, costa y centro de Lober\u00eda, costa y norte de Necochea, costa y norte de San Cayetano, costa y norte de Tres Arroyos, Adolfo Gonzales Chaves.<\/p>\n\n\n\n<p>Para la tarde-noche, alerta amarilla para Adolfo Alsina, Daireaux, Guamin\u00ed, Pellegrini, Salliquel\u00f3, Trenque Lauquen y Tres Lomas.<\/p>\n\n\n\n<p>Y solo para la noche, alerta amarilla en General La Madrid, Laprida y Olavarr\u00eda.<\/p>\n\n\n\n<p>Esas \u00e1reas ser\u00e1n afectadas por tormentas aisladas, algunas localmente fuertes. Las mismas podr\u00edan estar acompa\u00f1adas por r\u00e1fagas intensas, ca\u00edda de granizo, fuerte actividad el\u00e9ctrica y abundante ca\u00edda de agua en cortos per\u00edodos. De acuerdo con el SMN, se prev\u00e9n valores de precipitaci\u00f3n acumulada entre 20 y 35 mil\u00edmetros, pudiendo ser superados en forma puntual.<\/p>\n","protected":false},"excerpt":{"rendered":"<p>Seg\u00fan advierte el Servicio Meteorol\u00f3gico Nacional (SMN), hay nivel amarilla de alerta por temperaturas extremas&#8230;<\/p>\n","protected":false},"author":2,"featured_media":9576,"comment_status":"open","ping_status":"open","sticky":false,"template":"","format":"standard","meta":{"_jetpack_memberships_contains_paid_content":false,"footnotes":""},"categories":[4],"tags":[1235],"class_list":["post-9575","post","type-post","status-publish","format-standard","has-post-thumbnail","hentry","category-provincia","tag-alerta-meteorologica"],"jetpack_featured_media_url":"https:\/\/i0.wp.com\/realidadsur.com.ar\/wp-content\/uploads\/2025\/02\/image-1.png?fit=927%2C679&ssl=1","jetpack_sharing_enabled":true,"_links":{"self":[{"href":"https:\/\/realidadsur.com.ar\/index.php?rest_route=\/wp\/v2\/posts\/9575","targetHints":{"allow":["GET"]}}],"collection":[{"href":"https:\/\/realidadsur.com.ar\/index.php?rest_route=\/wp\/v2\/posts"}],"about":[{"href":"https:\/\/realidadsur.com.ar\/index.php?rest_route=\/wp\/v2\/types\/post"}],"author":[{"embeddable":true,"href":"https:\/\/realidadsur.com.ar\/index.php?rest_route=\/wp\/v2\/users\/2"}],"replies":[{"embeddable":true,"href":"https:\/\/realidadsur.com.ar\/index.php?rest_route=%2Fwp%2Fv2%2Fcomments&post=9575"}],"version-history":[{"count":1,"href":"https:\/\/realidadsur.com.ar\/index.php?rest_route=\/wp\/v2\/posts\/9575\/revisions"}],"predecessor-version":[{"id":9577,"href":"https:\/\/realidadsur.com.ar\/index.php?rest_route=\/wp\/v2\/posts\/9575\/revisions\/9577"}],"wp:featuredmedia":[{"embeddable":true,"href":"https:\/\/realidadsur.com.ar\/index.php?rest_route=\/wp\/v2\/media\/9576"}],"wp:attachment":[{"href":"https:\/\/realidadsur.com.ar\/index.php?rest_route=%2Fwp%2Fv2%2Fmedia&parent=9575"}],"wp:term":[{"taxonomy":"category","embeddable":true,"href":"https:\/\/realidadsur.com.ar\/index.php?rest_route=%2Fwp%2Fv2%2Fcategories&post=9575"},{"taxonomy":"post_tag","embeddable":true,"href":"https:\/\/realidadsur.com.ar\/index.php?rest_route=%2Fwp%2Fv2%2Ftags&post=9575"}],"curies":[{"name":"wp","href":"https:\/\/api.w.org\/{rel}","templated":true}]}}