{"id":9591,"date":"2025-02-03T13:53:51","date_gmt":"2025-02-03T16:53:51","guid":{"rendered":"https:\/\/realidadsur.com.ar\/?p=9591"},"modified":"2025-02-03T13:53:53","modified_gmt":"2025-02-03T16:53:53","slug":"alberto-fernandez-se-presento-en-los-tribunales-de-comodoro-py","status":"publish","type":"post","link":"https:\/\/realidadsur.com.ar\/?p=9591","title":{"rendered":"ALBERTO FERN\u00c1NDEZ SE PRESENT\u00d3 EN LOS TRIBUNALES DE COMODORO PY"},"content":{"rendered":"\n<p>El ex presidente Alberto Fern\u00e1ndez se present\u00f3 en los tribunales federales de Retiro para participar de una audiencia ante la C\u00e1mara Federal porte\u00f1a a la que exige apartar al juez federal Juli\u00e1n Ercolini del causa Seguros.<\/p>\n\n\n\n<p>La audiencia se realiza ante el camarista Roberto Boico de la sala dos del tribunal de apelaciones y el ex presidente expondr\u00e1 junto a su abogada Mariana Barbitta los motivos por los cuales considera que el juez del caso tiene una &#8220;enemistad manifiesta&#8221; hacia su persona y deber\u00eda ser apartado del caso.<\/p>\n","protected":false},"excerpt":{"rendered":"<p>El ex presidente Alberto Fern\u00e1ndez se present\u00f3 en los tribunales federales de Retiro para participar&#8230;<\/p>\n","protected":false},"author":2,"featured_media":9592,"comment_status":"open","ping_status":"open","sticky":false,"template":"","format":"standard","meta":{"_jetpack_memberships_contains_paid_content":false,"footnotes":""},"categories":[3],"tags":[32,1073],"class_list":["post-9591","post","type-post","status-publish","format-standard","has-post-thumbnail","hentry","category-nacion","tag-alberto-fernandez","tag-julian-ercolini"],"jetpack_featured_media_url":"https:\/\/i0.wp.com\/realidadsur.com.ar\/wp-content\/uploads\/2025\/02\/alberto-fernandez.webp?fit=790%2C474&ssl=1","jetpack_sharing_enabled":true,"_links":{"self":[{"href":"https:\/\/realidadsur.com.ar\/index.php?rest_route=\/wp\/v2\/posts\/9591","targetHints":{"allow":["GET"]}}],"collection":[{"href":"https:\/\/realidadsur.com.ar\/index.php?rest_route=\/wp\/v2\/posts"}],"about":[{"href":"https:\/\/realidadsur.com.ar\/index.php?rest_route=\/wp\/v2\/types\/post"}],"author":[{"embeddable":true,"href":"https:\/\/realidadsur.com.ar\/index.php?rest_route=\/wp\/v2\/users\/2"}],"replies":[{"embeddable":true,"href":"https:\/\/realidadsur.com.ar\/index.php?rest_route=%2Fwp%2Fv2%2Fcomments&post=9591"}],"version-history":[{"count":1,"href":"https:\/\/realidadsur.com.ar\/index.php?rest_route=\/wp\/v2\/posts\/9591\/revisions"}],"predecessor-version":[{"id":9593,"href":"https:\/\/realidadsur.com.ar\/index.php?rest_route=\/wp\/v2\/posts\/9591\/revisions\/9593"}],"wp:featuredmedia":[{"embeddable":true,"href":"https:\/\/realidadsur.com.ar\/index.php?rest_route=\/wp\/v2\/media\/9592"}],"wp:attachment":[{"href":"https:\/\/realidadsur.com.ar\/index.php?rest_route=%2Fwp%2Fv2%2Fmedia&parent=9591"}],"wp:term":[{"taxonomy":"category","embeddable":true,"href":"https:\/\/realidadsur.com.ar\/index.php?rest_route=%2Fwp%2Fv2%2Fcategories&post=9591"},{"taxonomy":"post_tag","embeddable":true,"href":"https:\/\/realidadsur.com.ar\/index.php?rest_route=%2Fwp%2Fv2%2Ftags&post=9591"}],"curies":[{"name":"wp","href":"https:\/\/api.w.org\/{rel}","templated":true}]}}