{"id":9595,"date":"2025-02-03T17:23:23","date_gmt":"2025-02-03T20:23:23","guid":{"rendered":"https:\/\/realidadsur.com.ar\/?p=9595"},"modified":"2025-02-03T17:23:26","modified_gmt":"2025-02-03T20:23:26","slug":"el-papa-de-paloma-penso-en-un-posible-secuestro-ante-la-desaparicion-de-su-hija","status":"publish","type":"post","link":"https:\/\/realidadsur.com.ar\/?p=9595","title":{"rendered":"EL PAP\u00c1 DE PALOMA PENS\u00d3 EN UN POSIBLE SECUESTRO ANTE LA DESAPARICI\u00d3N DE SU HIJA"},"content":{"rendered":"\n<p>El padre de Paloma Gallardo, la adolescente de 16 a\u00f1os que apareci\u00f3 muerta junto a Josu\u00e9 Salvatierra, de 14, en el partido bonaerense de Florencio Varela, sostuvo esta tarde que pens\u00f3 que ambos fueron v\u00edctimas de un &#8220;secuestro&#8221;.<\/p>\n\n\n\n<p>Omar Gallardo se\u00f1al\u00f3 en declaraciones a los medios que &#8220;nunca se opuso al noviazgo&#8221; de las v\u00edctimas y que ma\u00f1ana anunciar\u00e1n d\u00eda y hora para ofrecer una conferencia de prensa.<\/p>\n\n\n\n<p>En este contexto, el hombre afirm\u00f3 que &#8220;en la comisar\u00eda se le rieron&#8221; y que &#8220;tardaron mucho en buscar a su hija y a Josu\u00e9&#8221;, a la vez que revel\u00f3: &#8220;Estaba en el gimnasio cuando Paloma desapareci\u00f3&#8221;.<\/p>\n\n\n\n<p>&#8220;Pens\u00e9 en un posible secuestro, ped\u00ed que investiguen la hip\u00f3tesis del rapto&#8221;, consider\u00f3, y a\u00f1adi\u00f3 que &#8220;observ\u00f3 distintas marcas en el cuerpo de Paloma&#8221;.<\/p>\n\n\n\n<p>Por su parte, el padre de la adolescente asegur\u00f3 que &#8220;no conoce el descampado&#8221; y que les propuso a la familia de Josu\u00e9 &#8220;estar juntos&#8221;.<\/p>\n","protected":false},"excerpt":{"rendered":"<p>El padre de Paloma Gallardo, la adolescente de 16 a\u00f1os que apareci\u00f3 muerta junto a&#8230;<\/p>\n","protected":false},"author":2,"featured_media":9596,"comment_status":"open","ping_status":"open","sticky":false,"template":"","format":"standard","meta":{"_jetpack_memberships_contains_paid_content":false,"footnotes":""},"categories":[7],"tags":[26],"class_list":["post-9595","post","type-post","status-publish","format-standard","has-post-thumbnail","hentry","category-florencio-varela","tag-florencio-varela"],"jetpack_featured_media_url":"https:\/\/i0.wp.com\/realidadsur.com.ar\/wp-content\/uploads\/2025\/02\/Omar-Gallardo-es-el-padre-de-una-de-las-victimas.webp?fit=541%2C360&ssl=1","jetpack_sharing_enabled":true,"_links":{"self":[{"href":"https:\/\/realidadsur.com.ar\/index.php?rest_route=\/wp\/v2\/posts\/9595","targetHints":{"allow":["GET"]}}],"collection":[{"href":"https:\/\/realidadsur.com.ar\/index.php?rest_route=\/wp\/v2\/posts"}],"about":[{"href":"https:\/\/realidadsur.com.ar\/index.php?rest_route=\/wp\/v2\/types\/post"}],"author":[{"embeddable":true,"href":"https:\/\/realidadsur.com.ar\/index.php?rest_route=\/wp\/v2\/users\/2"}],"replies":[{"embeddable":true,"href":"https:\/\/realidadsur.com.ar\/index.php?rest_route=%2Fwp%2Fv2%2Fcomments&post=9595"}],"version-history":[{"count":1,"href":"https:\/\/realidadsur.com.ar\/index.php?rest_route=\/wp\/v2\/posts\/9595\/revisions"}],"predecessor-version":[{"id":9597,"href":"https:\/\/realidadsur.com.ar\/index.php?rest_route=\/wp\/v2\/posts\/9595\/revisions\/9597"}],"wp:featuredmedia":[{"embeddable":true,"href":"https:\/\/realidadsur.com.ar\/index.php?rest_route=\/wp\/v2\/media\/9596"}],"wp:attachment":[{"href":"https:\/\/realidadsur.com.ar\/index.php?rest_route=%2Fwp%2Fv2%2Fmedia&parent=9595"}],"wp:term":[{"taxonomy":"category","embeddable":true,"href":"https:\/\/realidadsur.com.ar\/index.php?rest_route=%2Fwp%2Fv2%2Fcategories&post=9595"},{"taxonomy":"post_tag","embeddable":true,"href":"https:\/\/realidadsur.com.ar\/index.php?rest_route=%2Fwp%2Fv2%2Ftags&post=9595"}],"curies":[{"name":"wp","href":"https:\/\/api.w.org\/{rel}","templated":true}]}}