{"id":9605,"date":"2025-02-03T21:37:05","date_gmt":"2025-02-04T00:37:05","guid":{"rendered":"https:\/\/realidadsur.com.ar\/?p=9605"},"modified":"2025-02-03T21:37:07","modified_gmt":"2025-02-04T00:37:07","slug":"protestaron-por-la-muerte-del-repartidor-y-echaron-a-lamoine-del-lugar","status":"publish","type":"post","link":"https:\/\/realidadsur.com.ar\/?p=9605","title":{"rendered":"PROTESTARON POR LA MUERTE DEL REPARTIDOR Y ECHARON A LAMOINE DEL LUGAR"},"content":{"rendered":"\n<p>Se llev\u00f3 adelante una manifestaci\u00f3n de vecinos de Moreno pidiendo seguridad por el homicidio del repartidos y por m\u00e1s seguridad en ese distrito.<\/p>\n\n\n\n<p>La diputada nacional de La Libertad Avanza (LLA) Lilia Lemoine concurri\u00f3, pero los vecinos le pidieron que se vaya.<\/p>\n\n\n\n<p>Lemoine asisti\u00f3 con una cartel que tiene la cara de la v\u00edctima a la manifestaci\u00f3n, aunque los presentes exclamaron: \u201c\u00a1Que se vaya, que se vaya!\u201d.<\/p>\n\n\n\n<p>Sin embargo, la legisladora grab\u00f3 un vivo en su cuenta de la red social Instagram y afirm\u00f3 que \u201ctodos los diputados deber\u00edan estar presentes para dar visibilidad a los reclamos&#8221;, mientras los asistentes reclamaron justicia por las v\u00edctimas de los hechos de inseguridad.<\/p>\n\n\n\n<p>Al finalizar el video, la funcionaria sostuvo: \u201cEsperemos que los medios muestren la realidad de lo que se vive ac\u00e1, sino vamos a ver que la opereta es de la Municipalidad y de quien reciben el sobre\u201d.<\/p>\n","protected":false},"excerpt":{"rendered":"<p>Se llev\u00f3 adelante una manifestaci\u00f3n de vecinos de Moreno pidiendo seguridad por el homicidio del&#8230;<\/p>\n","protected":false},"author":2,"featured_media":9606,"comment_status":"open","ping_status":"open","sticky":false,"template":"","format":"standard","meta":{"_jetpack_memberships_contains_paid_content":false,"footnotes":""},"categories":[4],"tags":[2624,275],"class_list":["post-9605","post","type-post","status-publish","format-standard","has-post-thumbnail","hentry","category-provincia","tag-lilia-lemoine","tag-moreno"],"jetpack_featured_media_url":"https:\/\/i0.wp.com\/realidadsur.com.ar\/wp-content\/uploads\/2025\/02\/Expulsaron-a-la-diputade-libertaria-de-la-protesta.jpg?fit=525%2C296&ssl=1","jetpack_sharing_enabled":true,"_links":{"self":[{"href":"https:\/\/realidadsur.com.ar\/index.php?rest_route=\/wp\/v2\/posts\/9605","targetHints":{"allow":["GET"]}}],"collection":[{"href":"https:\/\/realidadsur.com.ar\/index.php?rest_route=\/wp\/v2\/posts"}],"about":[{"href":"https:\/\/realidadsur.com.ar\/index.php?rest_route=\/wp\/v2\/types\/post"}],"author":[{"embeddable":true,"href":"https:\/\/realidadsur.com.ar\/index.php?rest_route=\/wp\/v2\/users\/2"}],"replies":[{"embeddable":true,"href":"https:\/\/realidadsur.com.ar\/index.php?rest_route=%2Fwp%2Fv2%2Fcomments&post=9605"}],"version-history":[{"count":1,"href":"https:\/\/realidadsur.com.ar\/index.php?rest_route=\/wp\/v2\/posts\/9605\/revisions"}],"predecessor-version":[{"id":9607,"href":"https:\/\/realidadsur.com.ar\/index.php?rest_route=\/wp\/v2\/posts\/9605\/revisions\/9607"}],"wp:featuredmedia":[{"embeddable":true,"href":"https:\/\/realidadsur.com.ar\/index.php?rest_route=\/wp\/v2\/media\/9606"}],"wp:attachment":[{"href":"https:\/\/realidadsur.com.ar\/index.php?rest_route=%2Fwp%2Fv2%2Fmedia&parent=9605"}],"wp:term":[{"taxonomy":"category","embeddable":true,"href":"https:\/\/realidadsur.com.ar\/index.php?rest_route=%2Fwp%2Fv2%2Fcategories&post=9605"},{"taxonomy":"post_tag","embeddable":true,"href":"https:\/\/realidadsur.com.ar\/index.php?rest_route=%2Fwp%2Fv2%2Ftags&post=9605"}],"curies":[{"name":"wp","href":"https:\/\/api.w.org\/{rel}","templated":true}]}}