{"id":9608,"date":"2025-02-03T21:43:08","date_gmt":"2025-02-04T00:43:08","guid":{"rendered":"https:\/\/realidadsur.com.ar\/?p=9608"},"modified":"2025-02-03T21:43:09","modified_gmt":"2025-02-04T00:43:09","slug":"defensa-y-justicia-envio-un-mensaje-de-apoyo-al-campeon-mundial-lisandro-martinez-por-su-lesion","status":"publish","type":"post","link":"https:\/\/realidadsur.com.ar\/?p=9608","title":{"rendered":"DEFENSA Y JUSTICIA ENVI\u00d3 UN MENSAJE DE APOYO AL CAMPEON MUNDIAL LISANDRO MART\u00cdNEZ POR SU LESI\u00d3N"},"content":{"rendered":"\n<p>Defensa y Justicia gan\u00f3 su cotejo por la tercera fecha del Torneo de la Liga Profesional ante Central C\u00f3rdoba de Santiago del Estero por 2-1. Sin embargo, antes del encuentro se vivi\u00f3 un momento por dem\u00e1s emotivo cuando el plantel del &#8220;Halc\u00f3n&#8221; pos\u00f3 con una bandera en su foto del once inicial con un mensaje de apoyo a Lisandro Mart\u00ednez, quien sufri\u00f3 una lesi\u00f3n en el \u00faltimo partido jugador con el Manchester United.<\/p>\n\n\n\n<p>\u201cFuerza Licha\u201d, dec\u00eda la bandera que sostuvieron los jugadores, ya que el defensor argentino sufri\u00f3 la rotura de ligamentos cruzados de la rodilla izquierda en la derrota 2-0 ante el Crystal Palace por la fecha 24 de la Premier League y se perder\u00e1 lo que queda de las Eliminatorias Sudamericanas para el Mundial de Estados Unidos, M\u00e9xico y Canad\u00e1 2026.<\/p>\n\n\n\n<p>Mart\u00ednez deber\u00e1 ser operado y estar\u00e1 ocho meses fuera de las canchas, perdi\u00e9ndose el resto de la temporada con el Manchester United y quedando desafectado de las pr\u00f3ximas tres dobles fechas de Eliminatorias Sudamericanas que ser\u00e1n en marzo ante Uruguay y Brasil, en junio ante Chile y Colombia y en septiembre ante Venezuela y Ecuador.<\/p>\n\n\n\n<p>El jugador tuvo su paso por el \u201cHalc\u00f3n\u201d de Varela por mitad del 2017, cuando lleg\u00f3 a pr\u00e9stamo desde Newell\u00b4s Old Boys y posteriormente ser comprado en 2018, cuando Defensa adquiri\u00f3 la mitad de su pase.<\/p>\n\n\n\n<p>En Defensa y Justicia jug\u00f3 un total de 58 partidos, en el que convirti\u00f3 tres goles y fue un pilar clave del equipo, lo cual lo llev\u00f3 a generar el inter\u00e9s de equipos europeos y fue el Ajax de Pa\u00edses Bajos quien se lo llev\u00f3 al viejo continente, donde gan\u00f3 cuatro t\u00edtulos para despu\u00e9s concretar su pase al Manchester United.<\/p>\n","protected":false},"excerpt":{"rendered":"<p>Defensa y Justicia gan\u00f3 su cotejo por la tercera fecha del Torneo de la Liga&#8230;<\/p>\n","protected":false},"author":2,"featured_media":9609,"comment_status":"open","ping_status":"open","sticky":false,"template":"","format":"standard","meta":{"_jetpack_memberships_contains_paid_content":false,"footnotes":""},"categories":[7],"tags":[61,26,725],"class_list":["post-9608","post","type-post","status-publish","format-standard","has-post-thumbnail","hentry","category-florencio-varela","tag-defensa-y-justicia","tag-florencio-varela","tag-lisandro-martinez"],"jetpack_featured_media_url":"https:\/\/i0.wp.com\/realidadsur.com.ar\/wp-content\/uploads\/2025\/02\/Gi43AytWIAM_U37.jpg?fit=680%2C453&ssl=1","jetpack_sharing_enabled":true,"_links":{"self":[{"href":"https:\/\/realidadsur.com.ar\/index.php?rest_route=\/wp\/v2\/posts\/9608","targetHints":{"allow":["GET"]}}],"collection":[{"href":"https:\/\/realidadsur.com.ar\/index.php?rest_route=\/wp\/v2\/posts"}],"about":[{"href":"https:\/\/realidadsur.com.ar\/index.php?rest_route=\/wp\/v2\/types\/post"}],"author":[{"embeddable":true,"href":"https:\/\/realidadsur.com.ar\/index.php?rest_route=\/wp\/v2\/users\/2"}],"replies":[{"embeddable":true,"href":"https:\/\/realidadsur.com.ar\/index.php?rest_route=%2Fwp%2Fv2%2Fcomments&post=9608"}],"version-history":[{"count":1,"href":"https:\/\/realidadsur.com.ar\/index.php?rest_route=\/wp\/v2\/posts\/9608\/revisions"}],"predecessor-version":[{"id":9610,"href":"https:\/\/realidadsur.com.ar\/index.php?rest_route=\/wp\/v2\/posts\/9608\/revisions\/9610"}],"wp:featuredmedia":[{"embeddable":true,"href":"https:\/\/realidadsur.com.ar\/index.php?rest_route=\/wp\/v2\/media\/9609"}],"wp:attachment":[{"href":"https:\/\/realidadsur.com.ar\/index.php?rest_route=%2Fwp%2Fv2%2Fmedia&parent=9608"}],"wp:term":[{"taxonomy":"category","embeddable":true,"href":"https:\/\/realidadsur.com.ar\/index.php?rest_route=%2Fwp%2Fv2%2Fcategories&post=9608"},{"taxonomy":"post_tag","embeddable":true,"href":"https:\/\/realidadsur.com.ar\/index.php?rest_route=%2Fwp%2Fv2%2Ftags&post=9608"}],"curies":[{"name":"wp","href":"https:\/\/api.w.org\/{rel}","templated":true}]}}