{"id":9613,"date":"2025-02-04T15:45:43","date_gmt":"2025-02-04T18:45:43","guid":{"rendered":"https:\/\/realidadsur.com.ar\/?p=9613"},"modified":"2025-02-04T15:45:45","modified_gmt":"2025-02-04T18:45:45","slug":"se-viene-la-b-play-medieval-de-berazategui","status":"publish","type":"post","link":"https:\/\/realidadsur.com.ar\/?p=9613","title":{"rendered":"SE VIENE LA B-PLAY MEDIEVAL DE BERAZATEGUI"},"content":{"rendered":"\n<p>Se realizar\u00e1 una nueva edici\u00f3n del tradicional Festival B-Play Medieval. Ser\u00e1 el domingo 9 de febrero, de 16.00 a 22.00, en la Plaza San Mart\u00edn (Av. Mitre e\/ 6 y 7), con acceso libre y gratuito.<\/p>\n\n\n\n<p>Este evento es impulsado por la Municipalidad de Berazategui -a cargo del intendente Juan Jos\u00e9 Mussi- y organizado por la Secretar\u00eda de Cultura y Educaci\u00f3n, en el marco del Ciclo de Verano 2025.<\/p>\n\n\n\n<p>Como cada a\u00f1o, los vecinos y vecinas podr\u00e1n disfrutar de un Festival de M\u00fasica Celta, las producciones de los artesanos y artesanas medievales, la presentaci\u00f3n de recreacionistas hist\u00f3ricos, caracterizaciones y diferentes propuestas para toda la familia.<\/p>\n\n\n\n<p>Adem\u00e1s, se dispondr\u00e1 una variada oferta gastron\u00f3mica con comidas t\u00edpicas de la \u00e9poca.<\/p>\n\n\n\n<p>Para conocer m\u00e1s propuestas culturales del cronograma del Ciclo de Verano, se puede ingresar en berazategui.gob.ar\/cultura\/agenda.<\/p>\n","protected":false},"excerpt":{"rendered":"<p>Se realizar\u00e1 una nueva edici\u00f3n del tradicional Festival B-Play Medieval. Ser\u00e1 el domingo 9 de&#8230;<\/p>\n","protected":false},"author":2,"featured_media":9614,"comment_status":"open","ping_status":"open","sticky":false,"template":"","format":"standard","meta":{"_jetpack_memberships_contains_paid_content":false,"footnotes":""},"categories":[6],"tags":[11,47,9],"class_list":["post-9613","post","type-post","status-publish","format-standard","has-post-thumbnail","hentry","category-berazategui","tag-berazategui","tag-federico-lopez","tag-juan-jose-mussi"],"jetpack_featured_media_url":"https:\/\/i0.wp.com\/realidadsur.com.ar\/wp-content\/uploads\/2025\/02\/El-evento-congrega-a-miles-de-vecinos.jpg?fit=862%2C479&ssl=1","jetpack_sharing_enabled":true,"_links":{"self":[{"href":"https:\/\/realidadsur.com.ar\/index.php?rest_route=\/wp\/v2\/posts\/9613","targetHints":{"allow":["GET"]}}],"collection":[{"href":"https:\/\/realidadsur.com.ar\/index.php?rest_route=\/wp\/v2\/posts"}],"about":[{"href":"https:\/\/realidadsur.com.ar\/index.php?rest_route=\/wp\/v2\/types\/post"}],"author":[{"embeddable":true,"href":"https:\/\/realidadsur.com.ar\/index.php?rest_route=\/wp\/v2\/users\/2"}],"replies":[{"embeddable":true,"href":"https:\/\/realidadsur.com.ar\/index.php?rest_route=%2Fwp%2Fv2%2Fcomments&post=9613"}],"version-history":[{"count":1,"href":"https:\/\/realidadsur.com.ar\/index.php?rest_route=\/wp\/v2\/posts\/9613\/revisions"}],"predecessor-version":[{"id":9615,"href":"https:\/\/realidadsur.com.ar\/index.php?rest_route=\/wp\/v2\/posts\/9613\/revisions\/9615"}],"wp:featuredmedia":[{"embeddable":true,"href":"https:\/\/realidadsur.com.ar\/index.php?rest_route=\/wp\/v2\/media\/9614"}],"wp:attachment":[{"href":"https:\/\/realidadsur.com.ar\/index.php?rest_route=%2Fwp%2Fv2%2Fmedia&parent=9613"}],"wp:term":[{"taxonomy":"category","embeddable":true,"href":"https:\/\/realidadsur.com.ar\/index.php?rest_route=%2Fwp%2Fv2%2Fcategories&post=9613"},{"taxonomy":"post_tag","embeddable":true,"href":"https:\/\/realidadsur.com.ar\/index.php?rest_route=%2Fwp%2Fv2%2Ftags&post=9613"}],"curies":[{"name":"wp","href":"https:\/\/api.w.org\/{rel}","templated":true}]}}