{"id":9737,"date":"2025-02-11T16:21:40","date_gmt":"2025-02-11T19:21:40","guid":{"rendered":"https:\/\/realidadsur.com.ar\/?p=9737"},"modified":"2025-02-11T16:21:41","modified_gmt":"2025-02-11T19:21:41","slug":"el-fiscal-del-caso-de-paloma-y-josue-denuncio-amenazas-y-fue-apartado","status":"publish","type":"post","link":"https:\/\/realidadsur.com.ar\/?p=9737","title":{"rendered":"EL FISCAL DEL CASO DE PALOMA Y JOSU\u00c9 DENUNCI\u00d3 AMENAZAS Y FUE APARTADO"},"content":{"rendered":"\n<p>El fiscal Hern\u00e1n Bustos Rivas dej\u00f3 de pertenecer a la causa en la que se investigan los cr\u00edmenes de los adolescentes Josu\u00e9 Salvatierra y Paloma Gallardo en Florencia Varela, luego de su pedido de apartamiento al recibir intimidaciones y amenazas por parte del abogado de una de las familias.<\/p>\n\n\n\n<p>En las \u00faltimas horas Rivas hab\u00eda solicitado ante el juez de Garant\u00edas, Adri\u00e1n Villagra, apartarse del caso luego de denunciar intimidaciones y amenazas de parte de Carlos Dieguez, abogado de la madre de Josu\u00e9.<\/p>\n\n\n\n<p>Fuentes judiciales confirmaron que el juez Villagra acept\u00f3 su salida de la causa y ahora le pidi\u00f3 a la Fiscal\u00eda general que designe un nuevo fiscal.<\/p>\n\n\n\n<p>Conforme al documento que present\u00f3 el fiscal, uno de los requerimientos es porque dicho abogado \u201clo presion\u00f3 para aceptar su hip\u00f3tesis delictiva y amenaz\u00f3 con consecuencias laborales y exposici\u00f3n medi\u00e1tica\u201d.<\/p>\n\n\n\n<p>Para Rivas, esto provoc\u00f3 una &#8220;violencia moral&#8221; que compromete su capacidad de mantener la &#8220;objetividad e imparcialidad&#8221; necesarias para la investigaci\u00f3n, afectando su \u201cequilibrio espiritual y generando temor por su funci\u00f3n y carrera judicial\u201d.<\/p>\n\n\n\n<p>Acerca de los avances en la causa, se solicitaron diversos allanamientos los cuales dieron todos resultado negativo, lo que demuestra que por el momento no hay sospechosos en la mira de los investigadores.<\/p>\n\n\n\n<p>La autopsia de Paloma, de 16 a\u00f1os, revel\u00f3 que la causa de su muerte es por una &#8220;lesi\u00f3n cerebral&#8221;, con &#8220;fractura de cr\u00e1neo&#8221; y &#8220;traumatismo encefalocraneal grave&#8221;.<\/p>\n\n\n\n<p>El estudio de Josu\u00e9, de 14 a\u00f1os, se\u00f1ala que muri\u00f3 por una &#8220;hemorragia cerebral&#8221;, con &#8220;fractura de cr\u00e1neo&#8221; y &#8220;traumatismo encefalocraneal grave\u201d.<\/p>\n","protected":false},"excerpt":{"rendered":"<p>El fiscal Hern\u00e1n Bustos Rivas dej\u00f3 de pertenecer a la causa en la que se&#8230;<\/p>\n","protected":false},"author":2,"featured_media":9738,"comment_status":"open","ping_status":"open","sticky":false,"template":"","format":"standard","meta":{"_jetpack_memberships_contains_paid_content":false,"footnotes":""},"categories":[7],"tags":[3226,26],"class_list":["post-9737","post","type-post","status-publish","format-standard","has-post-thumbnail","hentry","category-florencio-varela","tag-crimen-de-paloma-y-de-josue","tag-florencio-varela"],"jetpack_featured_media_url":"https:\/\/i0.wp.com\/realidadsur.com.ar\/wp-content\/uploads\/2025\/02\/720-2.webp?fit=1277%2C720&ssl=1","jetpack_sharing_enabled":true,"_links":{"self":[{"href":"https:\/\/realidadsur.com.ar\/index.php?rest_route=\/wp\/v2\/posts\/9737","targetHints":{"allow":["GET"]}}],"collection":[{"href":"https:\/\/realidadsur.com.ar\/index.php?rest_route=\/wp\/v2\/posts"}],"about":[{"href":"https:\/\/realidadsur.com.ar\/index.php?rest_route=\/wp\/v2\/types\/post"}],"author":[{"embeddable":true,"href":"https:\/\/realidadsur.com.ar\/index.php?rest_route=\/wp\/v2\/users\/2"}],"replies":[{"embeddable":true,"href":"https:\/\/realidadsur.com.ar\/index.php?rest_route=%2Fwp%2Fv2%2Fcomments&post=9737"}],"version-history":[{"count":1,"href":"https:\/\/realidadsur.com.ar\/index.php?rest_route=\/wp\/v2\/posts\/9737\/revisions"}],"predecessor-version":[{"id":9739,"href":"https:\/\/realidadsur.com.ar\/index.php?rest_route=\/wp\/v2\/posts\/9737\/revisions\/9739"}],"wp:featuredmedia":[{"embeddable":true,"href":"https:\/\/realidadsur.com.ar\/index.php?rest_route=\/wp\/v2\/media\/9738"}],"wp:attachment":[{"href":"https:\/\/realidadsur.com.ar\/index.php?rest_route=%2Fwp%2Fv2%2Fmedia&parent=9737"}],"wp:term":[{"taxonomy":"category","embeddable":true,"href":"https:\/\/realidadsur.com.ar\/index.php?rest_route=%2Fwp%2Fv2%2Fcategories&post=9737"},{"taxonomy":"post_tag","embeddable":true,"href":"https:\/\/realidadsur.com.ar\/index.php?rest_route=%2Fwp%2Fv2%2Ftags&post=9737"}],"curies":[{"name":"wp","href":"https:\/\/api.w.org\/{rel}","templated":true}]}}