{"id":9743,"date":"2025-02-12T15:38:58","date_gmt":"2025-02-12T18:38:58","guid":{"rendered":"https:\/\/realidadsur.com.ar\/?p=9743"},"modified":"2025-02-12T15:38:58","modified_gmt":"2025-02-12T18:38:58","slug":"cual-es-la-provincia-donde-los-presos-trabajan-para-la-comunidad","status":"publish","type":"post","link":"https:\/\/realidadsur.com.ar\/?p=9743","title":{"rendered":"CU\u00c1L ES LA PROVINCIA DONDE LOS PRESOS TRABAJAN PARA LA COMUNIDAD"},"content":{"rendered":"\n<p><\/p>\n\n\n\n<p>Los presos en Santa Cruz salieron a trabajar luego de la medida dictaminada por el Gobierno provincial a trav\u00e9s del programa \u201cManos a la obra es ocio cero\u201d. Las autoridades se\u00f1alaron que tiene como objetivo favorecer la reinserci\u00f3n social y brindar herramientas laborales.<\/p>\n\n\n\n<p>En las \u00faltimas horas comenzaron a circular diversas im\u00e1genes donde se observa la llegada de reclusos a distintas obras p\u00fablicas donde tienen que realizar tareas en la construcci\u00f3n y mantenimiento de infraestructura.<\/p>\n\n\n\n<p>&#8220;Es una forma de devolverle a la sociedad un gesto por los errores cometidos y, al mismo tiempo, de que cuando recuperen su libertad se adapten a trabajar&#8221;, expres\u00f3 el gobernador Claudio Vidal.<\/p>\n\n\n\n<p>Este martes, 18 internos de la Unidad Penitenciaria N\u00b0 2 de R\u00edo Gallegos participaron de diversas tareas en la construcci\u00f3n de un camping en la costanera. Durante la jornada los presos colocaron adoquines y cordones cuneta.<\/p>\n\n\n\n<p>Aunque por ahora el programa solo abarca la construcci\u00f3n, en un futuro podr\u00eda extenderse a otras \u00e1reas como, por ejemplo, la agricultura y la ganader\u00eda.<\/p>\n\n\n\n<p>\u201cSe busca que trabajen en grupo, que puedan socializar, que le generen un bien a la sociedad trabajando para mejorar, por ejemplo, un espacio p\u00fablico es una manera pr\u00e1ctica para que los internos dejen de estar sin ninguna actividad productiva, y dediquen el tiempo de ocio para generar una mejora en la ciudad donde est\u00e1n detenidos, algo que puede servir a disminuir la reincidencia y a desalentar la criminalidad\u201d, remarc\u00f3.<\/p>\n\n\n\n<p>Se destac\u00f3 que todos los trabajos son supervisados por personal especializado y con los elementos de seguridad correspondientes.<\/p>\n","protected":false},"excerpt":{"rendered":"<p>Los presos en Santa Cruz salieron a trabajar luego de la medida dictaminada por el&#8230;<\/p>\n","protected":false},"author":2,"featured_media":9744,"comment_status":"open","ping_status":"open","sticky":false,"template":"","format":"standard","meta":{"_jetpack_memberships_contains_paid_content":false,"footnotes":""},"categories":[3],"tags":[],"class_list":["post-9743","post","type-post","status-publish","format-standard","has-post-thumbnail","hentry","category-nacion"],"jetpack_featured_media_url":"https:\/\/i0.wp.com\/realidadsur.com.ar\/wp-content\/uploads\/2025\/02\/0f6036e98f5d39d7b0f1752a61657d9c_L.jpg?fit=450%2C300&ssl=1","jetpack_sharing_enabled":true,"_links":{"self":[{"href":"https:\/\/realidadsur.com.ar\/index.php?rest_route=\/wp\/v2\/posts\/9743","targetHints":{"allow":["GET"]}}],"collection":[{"href":"https:\/\/realidadsur.com.ar\/index.php?rest_route=\/wp\/v2\/posts"}],"about":[{"href":"https:\/\/realidadsur.com.ar\/index.php?rest_route=\/wp\/v2\/types\/post"}],"author":[{"embeddable":true,"href":"https:\/\/realidadsur.com.ar\/index.php?rest_route=\/wp\/v2\/users\/2"}],"replies":[{"embeddable":true,"href":"https:\/\/realidadsur.com.ar\/index.php?rest_route=%2Fwp%2Fv2%2Fcomments&post=9743"}],"version-history":[{"count":1,"href":"https:\/\/realidadsur.com.ar\/index.php?rest_route=\/wp\/v2\/posts\/9743\/revisions"}],"predecessor-version":[{"id":9745,"href":"https:\/\/realidadsur.com.ar\/index.php?rest_route=\/wp\/v2\/posts\/9743\/revisions\/9745"}],"wp:featuredmedia":[{"embeddable":true,"href":"https:\/\/realidadsur.com.ar\/index.php?rest_route=\/wp\/v2\/media\/9744"}],"wp:attachment":[{"href":"https:\/\/realidadsur.com.ar\/index.php?rest_route=%2Fwp%2Fv2%2Fmedia&parent=9743"}],"wp:term":[{"taxonomy":"category","embeddable":true,"href":"https:\/\/realidadsur.com.ar\/index.php?rest_route=%2Fwp%2Fv2%2Fcategories&post=9743"},{"taxonomy":"post_tag","embeddable":true,"href":"https:\/\/realidadsur.com.ar\/index.php?rest_route=%2Fwp%2Fv2%2Ftags&post=9743"}],"curies":[{"name":"wp","href":"https:\/\/api.w.org\/{rel}","templated":true}]}}