{"id":9752,"date":"2025-02-12T18:12:34","date_gmt":"2025-02-12T21:12:34","guid":{"rendered":"https:\/\/realidadsur.com.ar\/?p=9752"},"modified":"2025-02-12T18:12:35","modified_gmt":"2025-02-12T21:12:35","slug":"el-gobierno-suspendio-el-recital-de-milo-j-en-la-ex-esma","status":"publish","type":"post","link":"https:\/\/realidadsur.com.ar\/?p=9752","title":{"rendered":"EL GOBIERNO SUSPENDI\u00d3 EL RECITAL DE MILO J EN LA EX ESMA"},"content":{"rendered":"\n<p>El recital de pre escucha del disco &#8220;166&#8221; de Milo J que iba a realizarse hoy en el predio de la ex ESMA se suspendi\u00f3 luego de que llegara una medida cautelar pedida por el Gobierno que ordenaba detener el evento. Cuando ya hab\u00eda una fila de tres cuadras, la actividad con entrada libre y gratuita qued\u00f3 anulada, y organismos de Derechos Humanos denunciaron &#8220;censura&#8221;. Decenas de efectivos de Prefectura y de la federal se hicieron presentes en el lugar para acompa\u00f1ar la medida oficial.<\/p>\n\n\n\n<p>La Justicia dio lugar a la medida presentada por el Gobierno de Javier Milei para suspender el evento. En tanto, los organismos de Derechos Humanos que acompa\u00f1aron el recital se\u00f1alaron que al tomar en cuenta la medida, &#8220;se desconoce la autonom\u00eda del directorio del Espacio de Memoria, como organismo aut\u00e1rquico constituido por ley&#8221;.<\/p>\n\n\n\n<p>El fallo fue concedido por el juzgado Contencioso Administrativo Federal N\u00b05, con la firma de la magistrada Mar\u00eda Alejandra Biotti.<\/p>\n\n\n\n<p>Por su parte, el int\u00e9rprete anunci\u00f3 la cancelaci\u00f3n a trav\u00e9s de sus redes sociales, a pesar de que cerca de 20 mil personas aguardaban el espect\u00e1culo: &#8220;Lo que iba a ser la pre escucha, no se va a poder dar. El Gobierno Nacional mostr\u00f3 papeles, datos de salud y planos de evacuaci\u00f3n que eran falsos, salidas de emergencias que dijeron que no est\u00e1n y s\u00ed estaban&#8221;, denunci\u00f3 Milo J.<\/p>\n\n\n\n<p>&#8220;Se lo llevaron a una jueza y nos suspendieron el evento porque ya sabemos c\u00f3mo funciona todo esto. No voy a poder darles el show que iba a dar hoy. Estoy muy triste por esto. Tienen preparados polic\u00edas afuera, para que si entra la gente, repriman. Si est\u00e1n afuera y ven esto, por favor v\u00e1yanse a sus casas, tranquilos y en orden, por favor&#8221;, agreg\u00f3 el artista.<\/p>\n\n\n\n<p>&#8220;No quiero que a ning\u00fan fan le pase nada, p\u00f3rtense bien. Ten\u00edamos todo preparado y nos lo volaron a la mierda. Parece que juntar 20 mil personas en un espacio de memoria, al gobierno de ahora no le gusta y nos suspenden el evento&#8221;, continu\u00f3.<\/p>\n\n\n\n<p>&#8220;No cobr\u00e9 entradas y lo quise hacer gratis para no recibir ning\u00fan pago por esto. No s\u00e9 qu\u00e9 otra excusa tiene el Presidente para cortarnos esto, supongo que no le gusta. Tengo ganas de llorar, pero no lo voy a hacer. Les pido perd\u00f3n y me hago responsable de esto porque otra gente no lo va a hacer&#8221;, concluy\u00f3 el cantante.<\/p>\n","protected":false},"excerpt":{"rendered":"<p>El recital de pre escucha del disco &#8220;166&#8221; de Milo J que iba a realizarse&#8230;<\/p>\n","protected":false},"author":2,"featured_media":9753,"comment_status":"open","ping_status":"open","sticky":false,"template":"","format":"standard","meta":{"_jetpack_memberships_contains_paid_content":false,"footnotes":""},"categories":[996,3],"tags":[3230,200,3228],"class_list":["post-9752","post","type-post","status-publish","format-standard","has-post-thumbnail","hentry","category-caba","category-nacion","tag-ex-esma","tag-javier-milei","tag-milo-j"],"jetpack_featured_media_url":"https:\/\/i0.wp.com\/realidadsur.com.ar\/wp-content\/uploads\/2025\/02\/MiloJ-anuncio-la-cancelacion-del-evento.webp?fit=576%2C720&ssl=1","jetpack_sharing_enabled":true,"_links":{"self":[{"href":"https:\/\/realidadsur.com.ar\/index.php?rest_route=\/wp\/v2\/posts\/9752","targetHints":{"allow":["GET"]}}],"collection":[{"href":"https:\/\/realidadsur.com.ar\/index.php?rest_route=\/wp\/v2\/posts"}],"about":[{"href":"https:\/\/realidadsur.com.ar\/index.php?rest_route=\/wp\/v2\/types\/post"}],"author":[{"embeddable":true,"href":"https:\/\/realidadsur.com.ar\/index.php?rest_route=\/wp\/v2\/users\/2"}],"replies":[{"embeddable":true,"href":"https:\/\/realidadsur.com.ar\/index.php?rest_route=%2Fwp%2Fv2%2Fcomments&post=9752"}],"version-history":[{"count":1,"href":"https:\/\/realidadsur.com.ar\/index.php?rest_route=\/wp\/v2\/posts\/9752\/revisions"}],"predecessor-version":[{"id":9754,"href":"https:\/\/realidadsur.com.ar\/index.php?rest_route=\/wp\/v2\/posts\/9752\/revisions\/9754"}],"wp:featuredmedia":[{"embeddable":true,"href":"https:\/\/realidadsur.com.ar\/index.php?rest_route=\/wp\/v2\/media\/9753"}],"wp:attachment":[{"href":"https:\/\/realidadsur.com.ar\/index.php?rest_route=%2Fwp%2Fv2%2Fmedia&parent=9752"}],"wp:term":[{"taxonomy":"category","embeddable":true,"href":"https:\/\/realidadsur.com.ar\/index.php?rest_route=%2Fwp%2Fv2%2Fcategories&post=9752"},{"taxonomy":"post_tag","embeddable":true,"href":"https:\/\/realidadsur.com.ar\/index.php?rest_route=%2Fwp%2Fv2%2Ftags&post=9752"}],"curies":[{"name":"wp","href":"https:\/\/api.w.org\/{rel}","templated":true}]}}