{"id":9787,"date":"2025-02-15T00:05:57","date_gmt":"2025-02-15T03:05:57","guid":{"rendered":"https:\/\/realidadsur.com.ar\/?p=9787"},"modified":"2025-02-15T00:05:59","modified_gmt":"2025-02-15T03:05:59","slug":"se-recupera-favoramblemente-el-intendente-juan-jose-mussi-luego-de-que-le-colocaran-un-stent","status":"publish","type":"post","link":"https:\/\/realidadsur.com.ar\/?p=9787","title":{"rendered":"SE RECUPERA FAVORAMBLEMENTE EL INTENDENTE JUAN JOS\u00c9 MUSSI, LUEGO DE QUE LE COLOCARAN UN STENT"},"content":{"rendered":"\n<p>Esta ma\u00f1ana, el intendente de Berazategui, Juan Jos\u00e9 Mussi revel\u00f3 que le realizar\u00e1n dos intervenciones quir\u00fargicas. Una fue este viernes por la ma\u00f1ana, cuando le colocaron un stent. La pr\u00f3xima ser\u00e1 en unas semanas.<\/p>\n\n\n\n<p>&#8220;Queridos vecinos y vecinas, quer\u00eda contarles que hoy me realizar\u00e9 una intervenci\u00f3n en la que me colocar\u00e1n un stent coronario, y los m\u00e9dicos me informaron que ma\u00f1ana ya tendr\u00eda el alta. As\u00ed que el lunes ya retomar\u00e9 mis actividades de agenda&#8221;, indic\u00f3 en sus redes sociales.<\/p>\n\n\n\n<p>Luego, inform\u00f3: &#8220;En algunas semanas, tambi\u00e9n, me estar\u00e1n realizando un recambio valvular a\u00f3rtico. Ambos procedimientos ser\u00e1n realizados por cateterismo&#8221;.<br><br>&#8220;Estoy seguro que todo esto me ayudar\u00e1 a continuar en condiciones para seguir conduciendo los destinos de nuestro Municipio, que tanto amo. Les agradezco de coraz\u00f3n a quienes estos d\u00edas me estuvieron enviando mensajes con tanto amor. Sus palabras me llenan de energ\u00eda para seguir trabajando por nuestra Patria Chica y tener una pronta recuperaci\u00f3n! \u00a1Muchas gracias! \u00a1Un abrazo grande!&#8221;, finaliz\u00f3.<\/p>\n\n\n\n<p>En horas de la tarde, fuentes cercanas al Jefe comunal berazateguense dejaron trascender que la intervenci\u00f3n quir\u00fargica result\u00f3 ser exitosa, y que Mussi ya se estaba recuperando en una habitaci\u00f3n del hospital El Cruce-N\u00e9stor Kirchner.<\/p>\n","protected":false},"excerpt":{"rendered":"<p>Esta ma\u00f1ana, el intendente de Berazategui, Juan Jos\u00e9 Mussi revel\u00f3 que le realizar\u00e1n dos intervenciones&#8230;<\/p>\n","protected":false},"author":2,"featured_media":9788,"comment_status":"open","ping_status":"open","sticky":false,"template":"","format":"standard","meta":{"_jetpack_memberships_contains_paid_content":false,"footnotes":""},"categories":[6,7],"tags":[44,9],"class_list":["post-9787","post","type-post","status-publish","format-standard","has-post-thumbnail","hentry","category-berazategui","category-florencio-varela","tag-hospital-el-cruce","tag-juan-jose-mussi"],"jetpack_featured_media_url":"https:\/\/i0.wp.com\/realidadsur.com.ar\/wp-content\/uploads\/2025\/02\/El-intendente-se-opero-en-el-Hospital-El-Cruce.jpg?fit=1181%2C1181&ssl=1","jetpack_sharing_enabled":true,"_links":{"self":[{"href":"https:\/\/realidadsur.com.ar\/index.php?rest_route=\/wp\/v2\/posts\/9787","targetHints":{"allow":["GET"]}}],"collection":[{"href":"https:\/\/realidadsur.com.ar\/index.php?rest_route=\/wp\/v2\/posts"}],"about":[{"href":"https:\/\/realidadsur.com.ar\/index.php?rest_route=\/wp\/v2\/types\/post"}],"author":[{"embeddable":true,"href":"https:\/\/realidadsur.com.ar\/index.php?rest_route=\/wp\/v2\/users\/2"}],"replies":[{"embeddable":true,"href":"https:\/\/realidadsur.com.ar\/index.php?rest_route=%2Fwp%2Fv2%2Fcomments&post=9787"}],"version-history":[{"count":1,"href":"https:\/\/realidadsur.com.ar\/index.php?rest_route=\/wp\/v2\/posts\/9787\/revisions"}],"predecessor-version":[{"id":9789,"href":"https:\/\/realidadsur.com.ar\/index.php?rest_route=\/wp\/v2\/posts\/9787\/revisions\/9789"}],"wp:featuredmedia":[{"embeddable":true,"href":"https:\/\/realidadsur.com.ar\/index.php?rest_route=\/wp\/v2\/media\/9788"}],"wp:attachment":[{"href":"https:\/\/realidadsur.com.ar\/index.php?rest_route=%2Fwp%2Fv2%2Fmedia&parent=9787"}],"wp:term":[{"taxonomy":"category","embeddable":true,"href":"https:\/\/realidadsur.com.ar\/index.php?rest_route=%2Fwp%2Fv2%2Fcategories&post=9787"},{"taxonomy":"post_tag","embeddable":true,"href":"https:\/\/realidadsur.com.ar\/index.php?rest_route=%2Fwp%2Fv2%2Ftags&post=9787"}],"curies":[{"name":"wp","href":"https:\/\/api.w.org\/{rel}","templated":true}]}}