{"id":9818,"date":"2025-02-17T13:56:29","date_gmt":"2025-02-17T16:56:29","guid":{"rendered":"https:\/\/realidadsur.com.ar\/?p=9818"},"modified":"2025-02-17T13:56:30","modified_gmt":"2025-02-17T16:56:30","slug":"francisco-describen-como-complejo-el-cuadro-clinico-del-papa","status":"publish","type":"post","link":"https:\/\/realidadsur.com.ar\/?p=9818","title":{"rendered":"FRANCISCO: DESCRIBEN COMO &#8220;COMPLEJO&#8221; EL CUADRO CL\u00cdNICO DEL PAPA"},"content":{"rendered":"\n<p>El papa Francisco sufre \u201cuna infecci\u00f3n polimicrobiana del tracto respiratorio\u201d, seg\u00fan inform\u00f3 este lunes el Vaticano y esto \u201coblig\u00f3 a modificar a\u00fan m\u00e1s la terapia\u201d, mientras que adem\u00e1s se se\u00f1al\u00f3 que \u201cel cuadro cl\u00ednico complejo requerir\u00e1 una hospitalizaci\u00f3n adecuada\u201d.<\/p>\n\n\n\n<p>\u201cLos resultados de las pruebas realizadas en los \u00faltimos d\u00edas y hoy han demostrado una infecci\u00f3n polimicrobiana del tracto respiratorio que ha obligado a modificar a\u00fan m\u00e1s la terapia\u201d, se indic\u00f3 en un comunicado,<\/p>\n\n\n\n<p>El mismo dado a conocer desde la Oficina de Prensa de la Santa Sede a\u00f1adi\u00f3: \u201cTodas las pruebas realizadas hasta el momento son indicativas de un cuadro cl\u00ednico complejo que requerir\u00e1 de un internamiento hospitalario adecuado\u201d.<\/p>\n\n\n\n<p>De esta manera, el comunicado actualiz\u00f3 las condiciones de salud del papa Francisco, quien est\u00e1 internado desde el pasado viernes 14 de febrero en el Policl\u00ednico Agostino Gemelli de Roma.<\/p>\n","protected":false},"excerpt":{"rendered":"<p>El papa Francisco sufre \u201cuna infecci\u00f3n polimicrobiana del tracto respiratorio\u201d, seg\u00fan inform\u00f3 este lunes el&#8230;<\/p>\n","protected":false},"author":2,"featured_media":2602,"comment_status":"open","ping_status":"open","sticky":false,"template":"","format":"standard","meta":{"_jetpack_memberships_contains_paid_content":false,"footnotes":""},"categories":[8,3],"tags":[112],"class_list":["post-9818","post","type-post","status-publish","format-standard","has-post-thumbnail","hentry","category-interes-general","category-nacion","tag-papa-francisco"],"jetpack_featured_media_url":"https:\/\/i0.wp.com\/realidadsur.com.ar\/wp-content\/uploads\/2023\/12\/El-Papa-Francisco-hablo-de-Argentina.jpg?fit=1200%2C675&ssl=1","jetpack_sharing_enabled":true,"_links":{"self":[{"href":"https:\/\/realidadsur.com.ar\/index.php?rest_route=\/wp\/v2\/posts\/9818","targetHints":{"allow":["GET"]}}],"collection":[{"href":"https:\/\/realidadsur.com.ar\/index.php?rest_route=\/wp\/v2\/posts"}],"about":[{"href":"https:\/\/realidadsur.com.ar\/index.php?rest_route=\/wp\/v2\/types\/post"}],"author":[{"embeddable":true,"href":"https:\/\/realidadsur.com.ar\/index.php?rest_route=\/wp\/v2\/users\/2"}],"replies":[{"embeddable":true,"href":"https:\/\/realidadsur.com.ar\/index.php?rest_route=%2Fwp%2Fv2%2Fcomments&post=9818"}],"version-history":[{"count":1,"href":"https:\/\/realidadsur.com.ar\/index.php?rest_route=\/wp\/v2\/posts\/9818\/revisions"}],"predecessor-version":[{"id":9819,"href":"https:\/\/realidadsur.com.ar\/index.php?rest_route=\/wp\/v2\/posts\/9818\/revisions\/9819"}],"wp:featuredmedia":[{"embeddable":true,"href":"https:\/\/realidadsur.com.ar\/index.php?rest_route=\/wp\/v2\/media\/2602"}],"wp:attachment":[{"href":"https:\/\/realidadsur.com.ar\/index.php?rest_route=%2Fwp%2Fv2%2Fmedia&parent=9818"}],"wp:term":[{"taxonomy":"category","embeddable":true,"href":"https:\/\/realidadsur.com.ar\/index.php?rest_route=%2Fwp%2Fv2%2Fcategories&post=9818"},{"taxonomy":"post_tag","embeddable":true,"href":"https:\/\/realidadsur.com.ar\/index.php?rest_route=%2Fwp%2Fv2%2Ftags&post=9818"}],"curies":[{"name":"wp","href":"https:\/\/api.w.org\/{rel}","templated":true}]}}